{"id":229689,"date":"2022-12-20T10:17:14","date_gmt":"2022-12-20T10:17:14","guid":{"rendered":"https:\/\/ultratrail.si\/2022\/12\/20\/utvv-goes-in-slovenia-and-italy\/"},"modified":"2022-12-20T10:18:49","modified_gmt":"2022-12-20T10:18:49","slug":"utvv-goes-in-slovenia-and-italy","status":"publish","type":"post","link":"https:\/\/ultratrail.si\/it\/2022\/12\/20\/utvv-goes-in-slovenia-and-italy\/","title":{"rendered":"UTVV va in Slovenia e Italia"},"content":{"rendered":"<div class=\"kvgmc6g5 cxmmr5t8 oygrvhab hcukyx3x c1et5uql ii04i59q\">\u00a0<\/div>\n<div class=\"cxmmr5t8 oygrvhab hcukyx3x c1et5uql o9v6fnle ii04i59q\">\n<div dir=\"auto\"><strong>\ud835\udd4c\ud835\udd5d\ud835\udd65\ud835\udd63\ud835\udd52 \ud835\udd4b\ud835\udd63\ud835\udd52\ud835\udd5a\ud835\udd5d \ud835\udd4d\ud835\udd5a\ud835\udd61\ud835\udd52\ud835\udd67\ud835\udd52 \ud835\udd4d\ud835\udd52\ud835\udd5d\ud835\udd5d\ud835\udd56\ud835\udd6a \ud835\udd52\ud835\udd55 \ud835\udd52\ud835\udd55\ud835\udd56\ud835\udd64\ud835\udd64\ud835\udd60 \ud835\udd61\ud835\udd52\ud835\udd64\ud835\udd64\ud835\udd52 \ud835\udd55\ud835\udd66\ud835\udd56 \ud835\udd61\ud835\udd52\ud835\udd56\ud835\udd64\ud835\udd5a \ud835\udd56\ud835\udd66\ud835\udd63\ud835\udd60\ud835\udd61\ud835\udd56\ud835\udd5a!<\/strong><\/div>\n<\/div>\n<div class=\"cxmmr5t8 oygrvhab hcukyx3x c1et5uql o9v6fnle ii04i59q\">\n<div dir=\"auto\">Siamo orgogliosi di presentarvi una grande novit\u00e0 dell&#8217;UTVV Slovenia di quest&#8217;anno, dove nostra gara pi\u00f9 lunga: Emperor -160km si svolger\u00e0 anche nella vicina Italia.<\/div>\n<\/div>\n<div class=\"cxmmr5t8 oygrvhab hcukyx3x c1et5uql o9v6fnle ii04i59q\">\n<div dir=\"auto\">Il Comune di Nova Gorica <span class=\"pq6dq46d tbxw36s4 knj5qynh kvgmc6g5 ditlmg2l oygrvhab nvdbi5me sf5mxxl7 gl3lb2sf hhz5lgdu\"><img decoding=\"async\" loading=\"lazy\" src=\"https:\/\/static.xx.fbcdn.net\/images\/emoji.php\/v9\/tb8\/1\/16\/1f1f8_1f1ee.png\" alt=\"\ud83c\uddf8\ud83c\uddee\" width=\"16\" height=\"16\" \/><\/span> e il Comune di Gorizia <span class=\"pq6dq46d tbxw36s4 knj5qynh kvgmc6g5 ditlmg2l oygrvhab nvdbi5me sf5mxxl7 gl3lb2sf hhz5lgdu\"><img decoding=\"async\" loading=\"lazy\" src=\"https:\/\/static.xx.fbcdn.net\/images\/emoji.php\/v9\/tb9\/1\/16\/1f1ee_1f1f9.png\" alt=\"\ud83c\uddee\ud83c\uddf9\" width=\"16\" height=\"16\" \/><\/span> entrano in UTVV con una storia comune legata a GO! \u201cBORDERLESS\u201d, in cui le due citt\u00e0 ospiteranno la Capitale Europea della Cultura.<\/div>\n<\/div>\n<div class=\"cxmmr5t8 oygrvhab hcukyx3x c1et5uql o9v6fnle ii04i59q\">\n<div dir=\"auto\">Il Comune di Goriza \u00e8 cos\u00ec diventato il 6\u00b0 comune attraverso il quale si svolge il evento UTVV Slovenia, collegando cos\u00ec l&#8217;intera Valle del Vipava con l&#8217;Italia.<\/div>\n<\/div>\n<div class=\"cxmmr5t8 oygrvhab hcukyx3x c1et5uql o9v6fnle ii04i59q\">\n<div dir=\"auto\">I corridori entreranno a Gorizia nella Piazza Europea per poi proseguire lungo via C. Percoto, S. Gabriele, S. Pellico, G. Carducci, Piazza della Vitorria, Via Rastello, Viale G. D&#8217;Annunzio, Parco cittadino del Castello, P. Giustiniani, Rafut e Cappella, lungo la quale saliranno a Kostanjevica, dove sorge un monastero con tomba in cui sono sepolti gli ultimi membri della famiglia francese dei Borboni. Il sentiero si unir\u00e0 quindi al percorso esistente lungo il torrente Koren e proseguir\u00e0 nella foresta di Panovec.<\/div>\n<\/div>\n<div class=\"cxmmr5t8 oygrvhab hcukyx3x c1et5uql o9v6fnle ii04i59q\">\n<div dir=\"auto\">Il percorso \u00e8 stato allungato di 3 km e ora misura circa 170 km, a cui abbiamo aggiunto altri 50 metri di dislivello.<\/div>\n<\/div>\n","protected":false},"excerpt":{"rendered":"<p>\u00a0 \ud835\udd4c\ud835\udd5d\ud835\udd65\ud835\udd63\ud835\udd52 \ud835\udd4b\ud835\udd63\ud835\udd52\ud835\udd5a\ud835\udd5d \ud835\udd4d\ud835\udd5a\ud835\udd61\ud835\udd52\ud835\udd67\ud835\udd52 \ud835\udd4d\ud835\udd52\ud835\udd5d\ud835\udd5d\ud835\udd56\ud835\udd6a \ud835\udd52\ud835\udd55 \ud835\udd52\ud835\udd55\ud835\udd56\ud835\udd64\ud835\udd64\ud835\udd60 \ud835\udd61\ud835\udd52\ud835\udd64\ud835\udd64\ud835\udd52 \ud835\udd55\ud835\udd66\ud835\udd56 \ud835\udd61\ud835\udd52\ud835\udd56\ud835\udd64\ud835\udd5a \ud835\udd56\ud835\udd66\ud835\udd63\ud835\udd60\ud835\udd61\ud835\udd56\ud835\udd5a! Siamo orgogliosi di presentarvi una grande novit\u00e0 dell&#8217;UTVV Slovenia di quest&#8217;anno, dove nostra gara pi\u00f9 lunga: Emperor -160km si svolger\u00e0 anche nella vicina Italia. Il Comune di Nova Gorica e il Comune di Gorizia entrano in UTVV con una storia comune legata a GO! [&hellip;]<\/p>\n","protected":false},"author":1,"featured_media":229351,"comment_status":"closed","ping_status":"open","sticky":false,"template":"","format":"standard","meta":{"_et_pb_use_builder":"","_et_pb_old_content":"","_et_gb_content_width":"","inline_featured_image":false},"categories":[179,180],"tags":[],"acf":[],"yoast_head":"<!-- This site is optimized with the Yoast SEO plugin v20.12 - https:\/\/yoast.com\/wordpress\/plugins\/seo\/ -->\n<title>UTVV va in Slovenia e Italia - Ultra Trail Vipava Valley - Slovenia<\/title>\n<meta name=\"robots\" content=\"index, follow, max-snippet:-1, max-image-preview:large, max-video-preview:-1\" \/>\n<link rel=\"canonical\" href=\"https:\/\/ultratrail.si\/it\/2022\/12\/20\/utvv-goes-in-slovenia-and-italy\/\" \/>\n<meta property=\"og:locale\" content=\"it_IT\" \/>\n<meta property=\"og:type\" content=\"article\" \/>\n<meta property=\"og:title\" content=\"UTVV va in Slovenia e Italia - Ultra Trail Vipava Valley - Slovenia\" \/>\n<meta property=\"og:description\" content=\"\u00a0 \ud835\udd4c\ud835\udd5d\ud835\udd65\ud835\udd63\ud835\udd52 \ud835\udd4b\ud835\udd63\ud835\udd52\ud835\udd5a\ud835\udd5d \ud835\udd4d\ud835\udd5a\ud835\udd61\ud835\udd52\ud835\udd67\ud835\udd52 \ud835\udd4d\ud835\udd52\ud835\udd5d\ud835\udd5d\ud835\udd56\ud835\udd6a \ud835\udd52\ud835\udd55 \ud835\udd52\ud835\udd55\ud835\udd56\ud835\udd64\ud835\udd64\ud835\udd60 \ud835\udd61\ud835\udd52\ud835\udd64\ud835\udd64\ud835\udd52 \ud835\udd55\ud835\udd66\ud835\udd56 \ud835\udd61\ud835\udd52\ud835\udd56\ud835\udd64\ud835\udd5a \ud835\udd56\ud835\udd66\ud835\udd63\ud835\udd60\ud835\udd61\ud835\udd56\ud835\udd5a! Siamo orgogliosi di presentarvi una grande novit\u00e0 dell&#8217;UTVV Slovenia di quest&#8217;anno, dove nostra gara pi\u00f9 lunga: Emperor -160km si svolger\u00e0 anche nella vicina Italia. Il Comune di Nova Gorica e il Comune di Gorizia entrano in UTVV con una storia comune legata a GO! [&hellip;]\" \/>\n<meta property=\"og:url\" content=\"https:\/\/ultratrail.si\/it\/2022\/12\/20\/utvv-goes-in-slovenia-and-italy\/\" \/>\n<meta property=\"og:site_name\" content=\"Ultra Trail Vipava Valley - Slovenia\" \/>\n<meta property=\"article:published_time\" content=\"2022-12-20T10:17:14+00:00\" \/>\n<meta property=\"article:modified_time\" content=\"2022-12-20T10:18:49+00:00\" \/>\n<meta property=\"og:image\" content=\"https:\/\/ultratrail.si\/wp-content\/uploads\/2022\/04\/Stemma_comunale_trasparente.png\" \/>\n\t<meta property=\"og:image:width\" content=\"314\" \/>\n\t<meta property=\"og:image:height\" content=\"449\" \/>\n\t<meta property=\"og:image:type\" content=\"image\/png\" \/>\n<meta name=\"author\" content=\"UTVV\" \/>\n<meta name=\"twitter:card\" content=\"summary_large_image\" \/>\n<meta name=\"twitter:label1\" content=\"Scritto da\" \/>\n\t<meta name=\"twitter:data1\" content=\"UTVV\" \/>\n\t<meta name=\"twitter:label2\" content=\"Tempo di lettura stimato\" \/>\n\t<meta name=\"twitter:data2\" content=\"1 minuto\" \/>\n<script type=\"application\/ld+json\" class=\"yoast-schema-graph\">{\"@context\":\"https:\/\/schema.org\",\"@graph\":[{\"@type\":\"WebPage\",\"@id\":\"https:\/\/ultratrail.si\/it\/2022\/12\/20\/utvv-goes-in-slovenia-and-italy\/\",\"url\":\"https:\/\/ultratrail.si\/it\/2022\/12\/20\/utvv-goes-in-slovenia-and-italy\/\",\"name\":\"UTVV va in Slovenia e Italia - Ultra Trail Vipava Valley - Slovenia\",\"isPartOf\":{\"@id\":\"https:\/\/ultratrail.si\/it\/#website\"},\"datePublished\":\"2022-12-20T10:17:14+00:00\",\"dateModified\":\"2022-12-20T10:18:49+00:00\",\"author\":{\"@id\":\"https:\/\/ultratrail.si\/it\/#\/schema\/person\/76f4f221151a2278be93dd5b50a67e74\"},\"breadcrumb\":{\"@id\":\"https:\/\/ultratrail.si\/it\/2022\/12\/20\/utvv-goes-in-slovenia-and-italy\/#breadcrumb\"},\"inLanguage\":\"it-IT\",\"potentialAction\":[{\"@type\":\"ReadAction\",\"target\":[\"https:\/\/ultratrail.si\/it\/2022\/12\/20\/utvv-goes-in-slovenia-and-italy\/\"]}]},{\"@type\":\"BreadcrumbList\",\"@id\":\"https:\/\/ultratrail.si\/it\/2022\/12\/20\/utvv-goes-in-slovenia-and-italy\/#breadcrumb\",\"itemListElement\":[{\"@type\":\"ListItem\",\"position\":1,\"name\":\"Home\",\"item\":\"https:\/\/ultratrail.si\/it\/\"},{\"@type\":\"ListItem\",\"position\":2,\"name\":\"UTVV va in Slovenia e Italia\"}]},{\"@type\":\"WebSite\",\"@id\":\"https:\/\/ultratrail.si\/it\/#website\",\"url\":\"https:\/\/ultratrail.si\/it\/\",\"name\":\"Ultra Trail Vipava Valley - Slovenia\",\"description\":\"Ultra Trail Vipava Valley\",\"potentialAction\":[{\"@type\":\"SearchAction\",\"target\":{\"@type\":\"EntryPoint\",\"urlTemplate\":\"https:\/\/ultratrail.si\/it\/?s={search_term_string}\"},\"query-input\":\"required name=search_term_string\"}],\"inLanguage\":\"it-IT\"},{\"@type\":\"Person\",\"@id\":\"https:\/\/ultratrail.si\/it\/#\/schema\/person\/76f4f221151a2278be93dd5b50a67e74\",\"name\":\"UTVV\",\"image\":{\"@type\":\"ImageObject\",\"inLanguage\":\"it-IT\",\"@id\":\"https:\/\/ultratrail.si\/it\/#\/schema\/person\/image\/\",\"url\":\"https:\/\/ultratrail.si\/wp-content\/litespeed\/avatar\/f1a9ba49fa961eb190ccaa7684af89da.jpg?ver=1777024805\",\"contentUrl\":\"https:\/\/ultratrail.si\/wp-content\/litespeed\/avatar\/f1a9ba49fa961eb190ccaa7684af89da.jpg?ver=1777024805\",\"caption\":\"UTVV\"},\"url\":\"https:\/\/ultratrail.si\/it\/author\/utvva\/\"}]}<\/script>\n<!-- \/ Yoast SEO plugin. -->","yoast_head_json":{"title":"UTVV va in Slovenia e Italia - Ultra Trail Vipava Valley - Slovenia","robots":{"index":"index","follow":"follow","max-snippet":"max-snippet:-1","max-image-preview":"max-image-preview:large","max-video-preview":"max-video-preview:-1"},"canonical":"https:\/\/ultratrail.si\/it\/2022\/12\/20\/utvv-goes-in-slovenia-and-italy\/","og_locale":"it_IT","og_type":"article","og_title":"UTVV va in Slovenia e Italia - Ultra Trail Vipava Valley - Slovenia","og_description":"\u00a0 \ud835\udd4c\ud835\udd5d\ud835\udd65\ud835\udd63\ud835\udd52 \ud835\udd4b\ud835\udd63\ud835\udd52\ud835\udd5a\ud835\udd5d \ud835\udd4d\ud835\udd5a\ud835\udd61\ud835\udd52\ud835\udd67\ud835\udd52 \ud835\udd4d\ud835\udd52\ud835\udd5d\ud835\udd5d\ud835\udd56\ud835\udd6a \ud835\udd52\ud835\udd55 \ud835\udd52\ud835\udd55\ud835\udd56\ud835\udd64\ud835\udd64\ud835\udd60 \ud835\udd61\ud835\udd52\ud835\udd64\ud835\udd64\ud835\udd52 \ud835\udd55\ud835\udd66\ud835\udd56 \ud835\udd61\ud835\udd52\ud835\udd56\ud835\udd64\ud835\udd5a \ud835\udd56\ud835\udd66\ud835\udd63\ud835\udd60\ud835\udd61\ud835\udd56\ud835\udd5a! Siamo orgogliosi di presentarvi una grande novit\u00e0 dell&#8217;UTVV Slovenia di quest&#8217;anno, dove nostra gara pi\u00f9 lunga: Emperor -160km si svolger\u00e0 anche nella vicina Italia. Il Comune di Nova Gorica e il Comune di Gorizia entrano in UTVV con una storia comune legata a GO! [&hellip;]","og_url":"https:\/\/ultratrail.si\/it\/2022\/12\/20\/utvv-goes-in-slovenia-and-italy\/","og_site_name":"Ultra Trail Vipava Valley - Slovenia","article_published_time":"2022-12-20T10:17:14+00:00","article_modified_time":"2022-12-20T10:18:49+00:00","og_image":[{"width":314,"height":449,"url":"https:\/\/ultratrail.si\/wp-content\/uploads\/2022\/04\/Stemma_comunale_trasparente.png","type":"image\/png"}],"author":"UTVV","twitter_card":"summary_large_image","twitter_misc":{"Scritto da":"UTVV","Tempo di lettura stimato":"1 minuto"},"schema":{"@context":"https:\/\/schema.org","@graph":[{"@type":"WebPage","@id":"https:\/\/ultratrail.si\/it\/2022\/12\/20\/utvv-goes-in-slovenia-and-italy\/","url":"https:\/\/ultratrail.si\/it\/2022\/12\/20\/utvv-goes-in-slovenia-and-italy\/","name":"UTVV va in Slovenia e Italia - Ultra Trail Vipava Valley - Slovenia","isPartOf":{"@id":"https:\/\/ultratrail.si\/it\/#website"},"datePublished":"2022-12-20T10:17:14+00:00","dateModified":"2022-12-20T10:18:49+00:00","author":{"@id":"https:\/\/ultratrail.si\/it\/#\/schema\/person\/76f4f221151a2278be93dd5b50a67e74"},"breadcrumb":{"@id":"https:\/\/ultratrail.si\/it\/2022\/12\/20\/utvv-goes-in-slovenia-and-italy\/#breadcrumb"},"inLanguage":"it-IT","potentialAction":[{"@type":"ReadAction","target":["https:\/\/ultratrail.si\/it\/2022\/12\/20\/utvv-goes-in-slovenia-and-italy\/"]}]},{"@type":"BreadcrumbList","@id":"https:\/\/ultratrail.si\/it\/2022\/12\/20\/utvv-goes-in-slovenia-and-italy\/#breadcrumb","itemListElement":[{"@type":"ListItem","position":1,"name":"Home","item":"https:\/\/ultratrail.si\/it\/"},{"@type":"ListItem","position":2,"name":"UTVV va in Slovenia e Italia"}]},{"@type":"WebSite","@id":"https:\/\/ultratrail.si\/it\/#website","url":"https:\/\/ultratrail.si\/it\/","name":"Ultra Trail Vipava Valley - Slovenia","description":"Ultra Trail Vipava Valley","potentialAction":[{"@type":"SearchAction","target":{"@type":"EntryPoint","urlTemplate":"https:\/\/ultratrail.si\/it\/?s={search_term_string}"},"query-input":"required name=search_term_string"}],"inLanguage":"it-IT"},{"@type":"Person","@id":"https:\/\/ultratrail.si\/it\/#\/schema\/person\/76f4f221151a2278be93dd5b50a67e74","name":"UTVV","image":{"@type":"ImageObject","inLanguage":"it-IT","@id":"https:\/\/ultratrail.si\/it\/#\/schema\/person\/image\/","url":"https:\/\/ultratrail.si\/wp-content\/litespeed\/avatar\/f1a9ba49fa961eb190ccaa7684af89da.jpg?ver=1777024805","contentUrl":"https:\/\/ultratrail.si\/wp-content\/litespeed\/avatar\/f1a9ba49fa961eb190ccaa7684af89da.jpg?ver=1777024805","caption":"UTVV"},"url":"https:\/\/ultratrail.si\/it\/author\/utvva\/"}]}},"_links":{"self":[{"href":"https:\/\/ultratrail.si\/it\/wp-json\/wp\/v2\/posts\/229689"}],"collection":[{"href":"https:\/\/ultratrail.si\/it\/wp-json\/wp\/v2\/posts"}],"about":[{"href":"https:\/\/ultratrail.si\/it\/wp-json\/wp\/v2\/types\/post"}],"author":[{"embeddable":true,"href":"https:\/\/ultratrail.si\/it\/wp-json\/wp\/v2\/users\/1"}],"replies":[{"embeddable":true,"href":"https:\/\/ultratrail.si\/it\/wp-json\/wp\/v2\/comments?post=229689"}],"version-history":[{"count":0,"href":"https:\/\/ultratrail.si\/it\/wp-json\/wp\/v2\/posts\/229689\/revisions"}],"wp:featuredmedia":[{"embeddable":true,"href":"https:\/\/ultratrail.si\/it\/wp-json\/wp\/v2\/media\/229351"}],"wp:attachment":[{"href":"https:\/\/ultratrail.si\/it\/wp-json\/wp\/v2\/media?parent=229689"}],"wp:term":[{"taxonomy":"category","embeddable":true,"href":"https:\/\/ultratrail.si\/it\/wp-json\/wp\/v2\/categories?post=229689"},{"taxonomy":"post_tag","embeddable":true,"href":"https:\/\/ultratrail.si\/it\/wp-json\/wp\/v2\/tags?post=229689"}],"curies":[{"name":"wp","href":"https:\/\/api.w.org\/{rel}","templated":true}]}}