{"id":244997,"date":"2025-12-19T16:20:51","date_gmt":"2025-12-19T16:20:51","guid":{"rendered":"https:\/\/ultratrail.si\/?p=244997"},"modified":"2025-12-19T16:22:52","modified_gmt":"2025-12-19T16:22:52","slug":"skrlanka-territorio-di-casa-comunita-e-una-corsa-che-unisce","status":"publish","type":"post","link":"https:\/\/ultratrail.si\/it\/2025\/12\/19\/skrlanka-territorio-di-casa-comunita-e-una-corsa-che-unisce\/","title":{"rendered":"Skrlanka: territorio di casa, comunit\u00e0 e una corsa che unisce"},"content":{"rendered":"<p><b>Intervista ad Andi Mami\u0107<\/b><\/p>\n<p><span style=\"font-weight: 400;\">\u270d\ufe0f Tadej Maligoj<\/span><\/p>\n<p><span style=\"font-weight: 400;\">Quando Andi Mami\u0107 parla della Skrlanka, diventa subito chiaro che non si tratta semplicemente di un\u2019altra uscita di allenamento dell\u2019UTVV. \u00c8 il suo territorio di casa, la sua comunit\u00e0, la storia del luogo e una corsa che ha un significato che va ben oltre chilometri e dislivello. Proprio per questo la Skrlanka \u00e8 la pi\u00f9 \u201csua\u201d tra tutte le uscite di allenamento UTVV. Un percorso splendido, una giornata festiva speciale e un\u2019organizzazione eccellente sono i motivi per cui, ogni anno il 26 dicembre, cos\u00ec tante persone si ritrovano a Skrilje.<\/span><\/p>\n<p>&nbsp;<\/p>\n<p><b>La Skrlanka \u00e8 la tua preferita.<\/b><\/p>\n<p><span style=\"font-weight: 400;\">Da abitante del posto, ho corso innumerevoli volte questi sentieri ai piedi del \u010caven. Fanno parte della mia quotidianit\u00e0. Nel 2019 noi abitanti del villaggio abbiamo deciso di fare qualcosa in pi\u00f9: abbiamo ripulito una sorgente nascosta e invasa dalla vegetazione e sistemato e segnalato un percorso ad anello fino alla sorgente e ritorno.<\/span> <span style=\"font-weight: 400;\">La Skrlanka non \u00e8 nata su un foglio di carta, ma con il lavoro sul campo, con pale, cesoie e tanta buona volont\u00e0. Come trail runner ho scelto con particolare attenzione la discesa dalla sorgente: abbastanza tecnica, fluida, scorrevole, capace di invitarti al movimento. Qui sono a casa mia \u2014 come guida delle uscite di allenamento UTVV, come corridore e come \u201cSkrlan\u201d. Questo percorso mi sta davvero a cuore.<\/span><\/p>\n<p>&nbsp;<\/p>\n<p><b>La Skrlanka non \u00e8 solo un\u2019uscita di allenamento UTVV, vero?<\/b><\/p>\n<p><span style=\"font-weight: 400;\">No, assolutamente. La Skrlanka \u00e8 un evento pi\u00f9 ampio, pensato anche per escursionisti di tutte le et\u00e0, famiglie e chiunque desideri trascorrere una giornata all\u2019aria aperta divertendosi. Gran parte dell\u2019organizzazione \u00e8 curata dalla comunit\u00e0 locale e dagli abitanti attivi del paese: ristori, ma anche contenuti legati alla cultura, alla tradizione e all\u2019intrattenimento.<\/span> <span style=\"font-weight: 400;\">Per questo l\u2019evento ha un\u2019atmosfera diversa. Non \u00e8 solo sportivo, \u00e8 anche sociale e familiare. Portate sicuramente anche abiti \u201ccivili\u201d, perch\u00e9 resterete con noi pi\u00f9 a lungo rispetto a una normale uscita di allenamento. Beh\u2026 a dire il vero, ormai questo vale per quasi tutte le nostre uscite di allenamento. \ud83d\ude42<\/span><\/p>\n<p>&nbsp;<\/p>\n<p><b>Come descriveresti la Skrlanka a qualcuno per cui sarebbe la prima uscita di allenamento UTVV?<\/b> <span style=\"font-weight: 400;\">La Skrlanka \u00e8 un anello breve ma impegnativo. In poco pi\u00f9 di sei chilometri si accumulano quasi 350 metri di dislivello, giusto quanto basta per un allenamento di qualit\u00e0.<\/span> <span style=\"font-weight: 400;\">La salita porta alla sorgente, mentre la discesa \u00e8 puro trail running: fluida, giocosa, per lo pi\u00f9 su sentieri nel bosco. Ognuno ripete il giro per il tempo che preferisce. La maggior parte dei corridori fa tre o quattro giri, gli escursionisti uno solo, mentre gli ultrarunner pi\u00f9 determinati resistono per tutte e sei le ore.<\/span> <span style=\"font-weight: 400;\">Alla partenza del giro c\u2019\u00e8 un punto ristoro, che spesso aiuta a decidere se affrontare un altro giro. Alla fine, tutti vengono premiati con un pasto caldo. Ma se chiedi ai partecipanti, quasi tutti ti diranno la stessa cosa: ci\u00f2 che li colpisce di pi\u00f9 \u00e8 l\u2019atmosfera.<\/span><\/p>\n<p>&nbsp;<\/p>\n<p><b>Sei un trail runner di successo, ma allo stesso tempo un organizzatore molto \u201cpopolare\u201d e alla mano. Cosa ti spinge a continuare?<\/b><\/p>\n<p><span style=\"font-weight: 400;\">Le uscite di allenamento UTVV sono alla loro nona stagione e io ho partecipato a tutte. Ne ho saltata solo una \u2014 quella femminile dell\u2019anno scorso, dove ovviamente non avevo accesso.<\/span> <span style=\"font-weight: 400;\">Sono fortemente legato all\u2019evento UTVV, anche dal punto di vista emotivo. E poich\u00e9 non posso aiutare nell\u2019organizzazione della gara vera e propria \u2014 perch\u00e9 vi partecipo sempre come atleta \u2014 ho trovato il mio modo di contribuire: le uscite di allenamento.<\/span> <span style=\"font-weight: 400;\">Lo ammetto sinceramente: queste uscite sono utili anche per me, perch\u00e9 riesco sempre a fare un buon allenamento. Ma ci\u00f2 che conta ancora di pi\u00f9 \u00e8 poter mostrare ai miei amici runner nuovi sentieri e la nostra splendida valle. \u00c8 un onore vedere che si divertono e scoprono i percorsi lungo i quali io stesso sono cresciuto come corridore.<\/span><\/p>\n<p>&nbsp;<\/p>\n<p><b>Dopo nove stagioni, come la valuti? Cosa portano a casa i runner dalle uscite di allenamento, oltre a chilometri e dislivello?<\/b><\/p>\n<p><span style=\"font-weight: 400;\">I meno esperti ottengono tantissime informazioni utili direttamente sul campo. I pi\u00f9 esperti tornano per il benessere che ne deriva e per la compagnia sempre stimolante. E poich\u00e9 durante le uscite abbiamo gruppi con velocit\u00e0 diverse, scegliendo quello giusto pu\u00f2 essere anche un\u2019ottima occasione per allenarsi a un ritmo leggermente pi\u00f9 alto di quello che si terrebbe da soli. In gruppo, questo tipo di allenamento \u00e8 pi\u00f9 facile.<\/span> <span style=\"font-weight: 400;\">Allo stesso tempo, le nostre uscite includono elementi che simulano le condizioni di gara: scelta dell\u2019equipaggiamento, arrivo puntuale alla partenza, un po\u2019 di ormoni dello stress\u2026 tutto questo aiuta nella preparazione alle gare lunghe.<\/span><\/p>\n<p>&nbsp;<\/p>\n<p><b>Magnifico a Natale, Skrlanka nel Giorno dell\u2019Indipendenza e dell\u2019Unit\u00e0?<\/b><\/p>\n<p><span style=\"font-weight: 400;\">Le festivit\u00e0 sono spesso segnate da troppo cibo, bevande e consumismo. Per me, una giornata festiva ideale \u00e8 diversa: sveglia presto, movimento, abbastanza dislivello per sentire davvero il mondo sotto i piedi \u2014 poi tornare a casa sereno e festeggiare con le persone pi\u00f9 care.<\/span> <span style=\"font-weight: 400;\">Il 26 dicembre non \u00e8 una data casuale: \u00e8 il Giorno dell\u2019Indipendenza e dell\u2019Unit\u00e0 della Slovenia. Quando abbiamo pensato alla data, ci siamo ricordati delle storie dei nostri antenati che, durante il periodo del fascismo, dovevano nascondersi nei boschi per poter distillare grappa. Per questo la distillazione della grappa alla Skrlanka ha un significato simbolico.<\/span> <span style=\"font-weight: 400;\">Iniziamo l\u2019evento con l\u2019inno nazionale, le bandiere e, nell\u2019atmosfera natalizia e di fine anno, tutto assume un tono speciale, quasi solenne.<\/span><\/p>\n<p>&nbsp;<\/p>\n<p><b>Se fermassi un conoscente per strada e lo invitassi\u2026<\/b><\/p>\n<p><span style=\"font-weight: 400;\">Dopo le abbondanze delle feste, \u00e8 davvero salutare muoversi un po\u2019. Vieni, ti divertirai, starai in compagnia \u2014 e tornerai a casa con la sensazione di aver celebrato davvero la giornata.<\/span><\/p>\n<p>&nbsp;<\/p>\n<p><b>Perch\u00e9 per te \u00e8 importante che la Skrlanka sia aperta a tutti?<\/b><\/p>\n<p><span style=\"font-weight: 400;\">Il trail running ha aperto le porte a molte persone che prima non avrebbero nemmeno pensato di partecipare a una gara di corsa. Questa \u201capertura\u201d \u00e8 un grande valore di questo sport. E ancora molte, molte pi\u00f9 persone amano muoversi nella natura, anche se non corrono.<\/span> <span style=\"font-weight: 400;\">Eventi misti come questo riescono a far muovere tante persone: anziani, genitori con bambini, anche chi di solito fatica a decidere di affrontare una salita.<\/span> <span style=\"font-weight: 400;\">La socialit\u00e0 non dipende dal numero di giri percorsi. Sul sentiero e al punto di partenza ci incontriamo tutti, e davanti a un pasto caldo e a un bicchiere di vin brul\u00e9, una buona conversazione nasce sempre.<\/span><\/p>\n","protected":false},"excerpt":{"rendered":"<p>Intervista ad Andi Mami\u0107 \u270d\ufe0f Tadej Maligoj Quando Andi Mami\u0107 parla della Skrlanka, diventa subito chiaro che non si tratta semplicemente di un\u2019altra uscita di allenamento dell\u2019UTVV. \u00c8 il suo territorio di casa, la sua comunit\u00e0, la storia del luogo e una corsa che ha un significato che va ben oltre chilometri e dislivello. Proprio [&hellip;]<\/p>\n","protected":false},"author":1,"featured_media":244994,"comment_status":"closed","ping_status":"open","sticky":false,"template":"","format":"standard","meta":{"_et_pb_use_builder":"","_et_pb_old_content":"","_et_gb_content_width":"","inline_featured_image":false},"categories":[188],"tags":[],"acf":[],"yoast_head":"<!-- This site is optimized with the Yoast SEO plugin v20.12 - https:\/\/yoast.com\/wordpress\/plugins\/seo\/ -->\n<title>Comunit\u00e0 e l\u2019allenamento UTVV che unisce le persone<\/title>\n<meta name=\"description\" content=\"Intervista ad Andi Mami\u0107 su Skrlanka: sentieri di casa, atmosfera a Skrilje e perch\u00e9 questo allenamento vale pi\u00f9 di chilometri e dislivello.\" \/>\n<meta name=\"robots\" content=\"index, follow, max-snippet:-1, max-image-preview:large, max-video-preview:-1\" \/>\n<link rel=\"canonical\" href=\"https:\/\/ultratrail.si\/it\/2025\/12\/19\/skrlanka-territorio-di-casa-comunita-e-una-corsa-che-unisce\/\" \/>\n<meta property=\"og:locale\" content=\"it_IT\" \/>\n<meta property=\"og:type\" content=\"article\" \/>\n<meta property=\"og:title\" content=\"Comunit\u00e0 e l\u2019allenamento UTVV che unisce le persone\" \/>\n<meta property=\"og:description\" content=\"Intervista ad Andi Mami\u0107 su Skrlanka: sentieri di casa, atmosfera a Skrilje e perch\u00e9 questo allenamento vale pi\u00f9 di chilometri e dislivello.\" \/>\n<meta property=\"og:url\" content=\"https:\/\/ultratrail.si\/it\/2025\/12\/19\/skrlanka-territorio-di-casa-comunita-e-una-corsa-che-unisce\/\" \/>\n<meta property=\"og:site_name\" content=\"Ultra Trail Vipava Valley - Slovenia\" \/>\n<meta property=\"article:published_time\" content=\"2025-12-19T16:20:51+00:00\" \/>\n<meta property=\"article:modified_time\" content=\"2025-12-19T16:22:52+00:00\" \/>\n<meta property=\"og:image\" content=\"https:\/\/ultratrail.si\/wp-content\/uploads\/2025\/12\/4th-training-1024x683.jpg\" \/>\n\t<meta property=\"og:image:width\" content=\"1024\" \/>\n\t<meta property=\"og:image:height\" content=\"683\" \/>\n\t<meta property=\"og:image:type\" content=\"image\/jpeg\" \/>\n<meta name=\"author\" content=\"UTVV\" \/>\n<meta name=\"twitter:card\" content=\"summary_large_image\" \/>\n<meta name=\"twitter:label1\" content=\"Scritto da\" \/>\n\t<meta name=\"twitter:data1\" content=\"UTVV\" \/>\n\t<meta name=\"twitter:label2\" content=\"Tempo di lettura stimato\" \/>\n\t<meta name=\"twitter:data2\" content=\"5 minuti\" \/>\n<script type=\"application\/ld+json\" class=\"yoast-schema-graph\">{\"@context\":\"https:\/\/schema.org\",\"@graph\":[{\"@type\":\"WebPage\",\"@id\":\"https:\/\/ultratrail.si\/it\/2025\/12\/19\/skrlanka-territorio-di-casa-comunita-e-una-corsa-che-unisce\/\",\"url\":\"https:\/\/ultratrail.si\/it\/2025\/12\/19\/skrlanka-territorio-di-casa-comunita-e-una-corsa-che-unisce\/\",\"name\":\"Comunit\u00e0 e l\u2019allenamento UTVV che unisce le persone\",\"isPartOf\":{\"@id\":\"https:\/\/ultratrail.si\/it\/#website\"},\"datePublished\":\"2025-12-19T16:20:51+00:00\",\"dateModified\":\"2025-12-19T16:22:52+00:00\",\"author\":{\"@id\":\"https:\/\/ultratrail.si\/it\/#\/schema\/person\/76f4f221151a2278be93dd5b50a67e74\"},\"description\":\"Intervista ad Andi Mami\u0107 su Skrlanka: sentieri di casa, atmosfera a Skrilje e perch\u00e9 questo allenamento vale pi\u00f9 di chilometri e dislivello.\",\"breadcrumb\":{\"@id\":\"https:\/\/ultratrail.si\/it\/2025\/12\/19\/skrlanka-territorio-di-casa-comunita-e-una-corsa-che-unisce\/#breadcrumb\"},\"inLanguage\":\"it-IT\",\"potentialAction\":[{\"@type\":\"ReadAction\",\"target\":[\"https:\/\/ultratrail.si\/it\/2025\/12\/19\/skrlanka-territorio-di-casa-comunita-e-una-corsa-che-unisce\/\"]}]},{\"@type\":\"BreadcrumbList\",\"@id\":\"https:\/\/ultratrail.si\/it\/2025\/12\/19\/skrlanka-territorio-di-casa-comunita-e-una-corsa-che-unisce\/#breadcrumb\",\"itemListElement\":[{\"@type\":\"ListItem\",\"position\":1,\"name\":\"Home\",\"item\":\"https:\/\/ultratrail.si\/it\/\"},{\"@type\":\"ListItem\",\"position\":2,\"name\":\"Skrlanka: territorio di casa, comunit\u00e0 e una corsa che unisce\"}]},{\"@type\":\"WebSite\",\"@id\":\"https:\/\/ultratrail.si\/it\/#website\",\"url\":\"https:\/\/ultratrail.si\/it\/\",\"name\":\"Ultra Trail Vipava Valley - Slovenia\",\"description\":\"Ultra Trail Vipava Valley\",\"potentialAction\":[{\"@type\":\"SearchAction\",\"target\":{\"@type\":\"EntryPoint\",\"urlTemplate\":\"https:\/\/ultratrail.si\/it\/?s={search_term_string}\"},\"query-input\":\"required name=search_term_string\"}],\"inLanguage\":\"it-IT\"},{\"@type\":\"Person\",\"@id\":\"https:\/\/ultratrail.si\/it\/#\/schema\/person\/76f4f221151a2278be93dd5b50a67e74\",\"name\":\"UTVV\",\"image\":{\"@type\":\"ImageObject\",\"inLanguage\":\"it-IT\",\"@id\":\"https:\/\/ultratrail.si\/it\/#\/schema\/person\/image\/\",\"url\":\"https:\/\/ultratrail.si\/wp-content\/litespeed\/avatar\/f1a9ba49fa961eb190ccaa7684af89da.jpg?ver=1777024805\",\"contentUrl\":\"https:\/\/ultratrail.si\/wp-content\/litespeed\/avatar\/f1a9ba49fa961eb190ccaa7684af89da.jpg?ver=1777024805\",\"caption\":\"UTVV\"},\"url\":\"https:\/\/ultratrail.si\/it\/author\/utvva\/\"}]}<\/script>\n<!-- \/ Yoast SEO plugin. -->","yoast_head_json":{"title":"Comunit\u00e0 e l\u2019allenamento UTVV che unisce le persone","description":"Intervista ad Andi Mami\u0107 su Skrlanka: sentieri di casa, atmosfera a Skrilje e perch\u00e9 questo allenamento vale pi\u00f9 di chilometri e dislivello.","robots":{"index":"index","follow":"follow","max-snippet":"max-snippet:-1","max-image-preview":"max-image-preview:large","max-video-preview":"max-video-preview:-1"},"canonical":"https:\/\/ultratrail.si\/it\/2025\/12\/19\/skrlanka-territorio-di-casa-comunita-e-una-corsa-che-unisce\/","og_locale":"it_IT","og_type":"article","og_title":"Comunit\u00e0 e l\u2019allenamento UTVV che unisce le persone","og_description":"Intervista ad Andi Mami\u0107 su Skrlanka: sentieri di casa, atmosfera a Skrilje e perch\u00e9 questo allenamento vale pi\u00f9 di chilometri e dislivello.","og_url":"https:\/\/ultratrail.si\/it\/2025\/12\/19\/skrlanka-territorio-di-casa-comunita-e-una-corsa-che-unisce\/","og_site_name":"Ultra Trail Vipava Valley - Slovenia","article_published_time":"2025-12-19T16:20:51+00:00","article_modified_time":"2025-12-19T16:22:52+00:00","og_image":[{"width":1024,"height":683,"url":"https:\/\/ultratrail.si\/wp-content\/uploads\/2025\/12\/4th-training-1024x683.jpg","type":"image\/jpeg"}],"author":"UTVV","twitter_card":"summary_large_image","twitter_misc":{"Scritto da":"UTVV","Tempo di lettura stimato":"5 minuti"},"schema":{"@context":"https:\/\/schema.org","@graph":[{"@type":"WebPage","@id":"https:\/\/ultratrail.si\/it\/2025\/12\/19\/skrlanka-territorio-di-casa-comunita-e-una-corsa-che-unisce\/","url":"https:\/\/ultratrail.si\/it\/2025\/12\/19\/skrlanka-territorio-di-casa-comunita-e-una-corsa-che-unisce\/","name":"Comunit\u00e0 e l\u2019allenamento UTVV che unisce le persone","isPartOf":{"@id":"https:\/\/ultratrail.si\/it\/#website"},"datePublished":"2025-12-19T16:20:51+00:00","dateModified":"2025-12-19T16:22:52+00:00","author":{"@id":"https:\/\/ultratrail.si\/it\/#\/schema\/person\/76f4f221151a2278be93dd5b50a67e74"},"description":"Intervista ad Andi Mami\u0107 su Skrlanka: sentieri di casa, atmosfera a Skrilje e perch\u00e9 questo allenamento vale pi\u00f9 di chilometri e dislivello.","breadcrumb":{"@id":"https:\/\/ultratrail.si\/it\/2025\/12\/19\/skrlanka-territorio-di-casa-comunita-e-una-corsa-che-unisce\/#breadcrumb"},"inLanguage":"it-IT","potentialAction":[{"@type":"ReadAction","target":["https:\/\/ultratrail.si\/it\/2025\/12\/19\/skrlanka-territorio-di-casa-comunita-e-una-corsa-che-unisce\/"]}]},{"@type":"BreadcrumbList","@id":"https:\/\/ultratrail.si\/it\/2025\/12\/19\/skrlanka-territorio-di-casa-comunita-e-una-corsa-che-unisce\/#breadcrumb","itemListElement":[{"@type":"ListItem","position":1,"name":"Home","item":"https:\/\/ultratrail.si\/it\/"},{"@type":"ListItem","position":2,"name":"Skrlanka: territorio di casa, comunit\u00e0 e una corsa che unisce"}]},{"@type":"WebSite","@id":"https:\/\/ultratrail.si\/it\/#website","url":"https:\/\/ultratrail.si\/it\/","name":"Ultra Trail Vipava Valley - Slovenia","description":"Ultra Trail Vipava Valley","potentialAction":[{"@type":"SearchAction","target":{"@type":"EntryPoint","urlTemplate":"https:\/\/ultratrail.si\/it\/?s={search_term_string}"},"query-input":"required name=search_term_string"}],"inLanguage":"it-IT"},{"@type":"Person","@id":"https:\/\/ultratrail.si\/it\/#\/schema\/person\/76f4f221151a2278be93dd5b50a67e74","name":"UTVV","image":{"@type":"ImageObject","inLanguage":"it-IT","@id":"https:\/\/ultratrail.si\/it\/#\/schema\/person\/image\/","url":"https:\/\/ultratrail.si\/wp-content\/litespeed\/avatar\/f1a9ba49fa961eb190ccaa7684af89da.jpg?ver=1777024805","contentUrl":"https:\/\/ultratrail.si\/wp-content\/litespeed\/avatar\/f1a9ba49fa961eb190ccaa7684af89da.jpg?ver=1777024805","caption":"UTVV"},"url":"https:\/\/ultratrail.si\/it\/author\/utvva\/"}]}},"_links":{"self":[{"href":"https:\/\/ultratrail.si\/it\/wp-json\/wp\/v2\/posts\/244997"}],"collection":[{"href":"https:\/\/ultratrail.si\/it\/wp-json\/wp\/v2\/posts"}],"about":[{"href":"https:\/\/ultratrail.si\/it\/wp-json\/wp\/v2\/types\/post"}],"author":[{"embeddable":true,"href":"https:\/\/ultratrail.si\/it\/wp-json\/wp\/v2\/users\/1"}],"replies":[{"embeddable":true,"href":"https:\/\/ultratrail.si\/it\/wp-json\/wp\/v2\/comments?post=244997"}],"version-history":[{"count":4,"href":"https:\/\/ultratrail.si\/it\/wp-json\/wp\/v2\/posts\/244997\/revisions"}],"predecessor-version":[{"id":245004,"href":"https:\/\/ultratrail.si\/it\/wp-json\/wp\/v2\/posts\/244997\/revisions\/245004"}],"wp:featuredmedia":[{"embeddable":true,"href":"https:\/\/ultratrail.si\/it\/wp-json\/wp\/v2\/media\/244994"}],"wp:attachment":[{"href":"https:\/\/ultratrail.si\/it\/wp-json\/wp\/v2\/media?parent=244997"}],"wp:term":[{"taxonomy":"category","embeddable":true,"href":"https:\/\/ultratrail.si\/it\/wp-json\/wp\/v2\/categories?post=244997"},{"taxonomy":"post_tag","embeddable":true,"href":"https:\/\/ultratrail.si\/it\/wp-json\/wp\/v2\/tags?post=244997"}],"curies":[{"name":"wp","href":"https:\/\/api.w.org\/{rel}","templated":true}]}}