{"id":244806,"date":"2025-12-08T16:01:08","date_gmt":"2025-12-08T16:01:08","guid":{"rendered":"https:\/\/ultratrail.si\/2025\/12\/08\/3-utvv-pripravljalna-tura-o-zenskah-v-trailu-posebnih-potrebah-in-zakaj-je-skupnost-vcasih-pomembnejsa-od-kilometrov\/"},"modified":"2025-12-08T16:01:08","modified_gmt":"2025-12-08T16:01:08","slug":"3-utvv-pripravljalna-tura-o-zenskah-v-trailu-posebnih-potrebah-in-zakaj-je-skupnost-vcasih-pomembnejsa-od-kilometrov","status":"publish","type":"post","link":"https:\/\/ultratrail.si\/sl\/2025\/12\/08\/3-utvv-pripravljalna-tura-o-zenskah-v-trailu-posebnih-potrebah-in-zakaj-je-skupnost-vcasih-pomembnejsa-od-kilometrov\/","title":{"rendered":"3. UTVV pripravljalna tura \u2013 O \u017eenskah v trailu, posebnih potrebah in zakaj je skupnost v\u010dasih pomembnej\u0161a od kilometrov"},"content":{"rendered":"<h4><b>Intervju z Barbaro Joli\u010d<\/b><\/h4>\n<p class=\"p2\">Pi\u0161e: Tadej Maligoj<strong>\u00a0\u270d\ufe0f<\/strong><\/p>\n<p class=\"p3\"><b>Barbara, kako si sploh za\u0161la v trail tek?<\/b><b><\/b><\/p>\n<p class=\"p2\">Med \u0161tudijem na Fakulteti za \u0161port sem spoznala adventure race, orientacijski tek in hitro ugotovila, da poleg stadiona in cest obstaja \u0161e en svet \u2013 gorski, ultra in trail teki. Knjige, kot so <i>Jej in teci<\/i>, <i>Ultramaratonec<\/i> in <i>Rojeni za tek<\/i>, so me povsem potegnile noter. Od takrat je trail moja glavna rekreacija, zadnja leta pa kot trenerka delam izklju\u010dno s trail in ultra teka\u010dicami in teka\u010di.<\/p>\n<hr \/>\n<p class=\"p3\"><b>Veliko dela\u0161 s teka\u010dicami. Kaj \u017eenske i\u0161\u010dejo v skupnih tekih?<\/b><b><\/b><\/p>\n<p class=\"p2\">Predvsem dru\u017eenje. Klepet. Ritem teka, primeren za pogovor in tudi smeh. Zaradi tega so nastale <i>Ko\u0161utke<\/i> \u2013 skupnost, kjer ni pomemben ITRA indeks, ampak to, da se rade vidimo v \u017eivo, naredimo krog in dru\u017eenje podalj\u0161amo s pija\u010do in pico. Ko se podpiramo, smo mo\u010dnej\u0161e.<\/p>\n<hr \/>\n<p class=\"p3\"><b>Kaj po tvoje najpogosteje zadr\u017euje \u017eenske, da bi za\u010dele s trailom?<\/b><b><\/b><\/p>\n<p class=\"p2\">Pomanjkanje \u010dasa, pomanjkanje informacij o tem, kako se teka lotiti, in pri nas puncah pogosto ob\u010dutek varnosti. \u010ce pozimi hitro pade tema, tudi sama dvakrat premislim, preden grem \u010dez park ali globoko v gozd, \u010deprav na sre\u010do \u017eivimo v okolju, kjer je strah ve\u010dinoma odve\u010d. Pri premagovanju teh strahov zelo pomaga dru\u017eba \u2013 tudi pasja.<\/p>\n<p class=\"p2\">Pohvalim pa lahko trend, ki ga opa\u017eam: organizatorji trail dogodkov vse bolj skrbijo za vklju\u010devanje in pozitivno izku\u0161njo ter trail tek predstavljajo kot prijazno dejavnost.<\/p>\n<hr \/>\n<p class=\"p3\"><b>Kaj bo posebnost \u017eenske pripravljalne ture UTVV?<\/b><b><\/b><\/p>\n<p class=\"p2\">Tempo bo umirjen in \u201cza pogovor\u201d. Glavni cilj je dobra volja: dru\u017eenje, ne tekmovanje. Pred tekom bo kratko predavanje o osnovah treninga, nadaljevale pa bomo z izmenjavo prakti\u010dnih nasvetov za re\u0161evanje specifi\u010dnih te\u017eav \u2013 tak\u0161nih, o katerih izve\u0161 le od kolegice, ki jih je izkusila na lastni ko\u017ei.<\/p>\n<hr \/>\n<p class=\"p3\"><b>Zakaj je dobro, da imajo \u017eenske svoj termin na pripravljalnih turah UTVV?<\/b><b><\/b><\/p>\n<p class=\"p2\">Ker je dinamika skupine v prisotnosti mo\u0161kih zelo druga\u010dna. Mo\u0161ki radi \u201ctestirajo formo\u201d in se zaganjajo po hribih s spremenljivim tempom, ki mu te\u017eko sledimo. Teka\u010dicam je tak\u0161en tempo na odsekih preoster.<\/p>\n<p class=\"p2\">\u017denske smo po naravi bolj grajene za vzdr\u017eljivost, za gorivo bolj porabljamo ma\u0161\u010dobe, na\u0161i hormoni pa pomagajo, da energijo razporejamo bolj zadr\u017eano in premi\u0161ljeno za celotno pot do cilja. Tempo \u017eenskih skupin je obi\u010dajno bolj stabilen.<\/p>\n<hr \/>\n<p class=\"p3\"><b>Kaj bi svetovala za\u010detnicam v trailu?<\/b><b><\/b><\/p>\n<p class=\"p2\">Postopnost, potrpe\u017eljivost, vztrajnost. In preprosto u\u017eivanje ob gibanju v naravi. Kasneje, ko pridobi\u0161 nekaj teka\u0161ke baze, pride \u010das za napredovanje. Zelo koristni so vlo\u017eki fartleka, intervalov ali hoje v klanec \u2013 \u017eenski metabolizem je odli\u010den za vzdr\u017eljivost, malo intenzivnosti pa naredi \u010dude\u017ee.<\/p>\n<p class=\"p2\">Zavedati pa se moramo, da je napredni trening za telo stres. \u010ce si \u017ee tako v stresu zaradi napornih dni, dolg ali te\u017eak trening ne pomaga. V\u010dasih je najbolj\u0161a odlo\u010ditev, da gre\u0161 samo za pol ure ven in zadihas. Tudi to je napredek.<\/p>\n<hr \/>\n<p class=\"p3\"><b>Kako upo\u0161tevati \u017eenski cikel?<\/b><b><\/b><\/p>\n<p class=\"p2\">Vsaka \u017eenska je druga\u010dna. Najslab\u0161e po\u010dutje obi\u010dajno povzro\u010dijo kr\u010di dan pred ali prvi dan menstruacije. Kar ni nujno absolutni no-go. Svetovne rekorde so \u017eenske osvajale v vseh fazah cikla. Najbolj\u0161a strategija je: poslu\u0161aj svoje telo.<\/p>\n<hr \/>\n<p class=\"p3\"><b>Na kaj si posebej pozorna kot trenerka?<\/b><b><\/b><\/p>\n<p class=\"p2\">Na energijsko razpolo\u017eljivost. Presenetljivo veliko teka\u010dic ima po koli\u010dini in sestavi prehrane prenizek vnos hrane, kar vodi v hormonske motnje, te\u017eave z menstruacijo in celo motnje hranjenja.<\/p>\n<p class=\"p2\">Na videz privla\u010dne bli\u017enjice \u2013 preskakovanje obrokov, ekstremne diete, \u201cfat-burning\u201d strategije \u2013 vodijo v te\u017eave. Veliko bolje je stabilno, zdravo razmerje do hrane in telesa.<\/p>\n<hr \/>\n<p class=\"p3\"><b>Katere stvari so pri \u017eenskah res druga\u010dne?<\/b><b><\/b><\/p>\n<p class=\"p2\">Ogromno jih je \u2013 in o tem se kon\u010dno ve\u010d govori. Imamo menstruacijo, hormonska nihanja, druga\u010dno anatomijo. Tudi lulamo druga\u010de. To so realne stvari, ne \u201cdetajli\u201d. Menstruacija lahko pride ravno na dan tekme.<\/p>\n<p class=\"p2\">Modrci pomagajo krotiti na\u0161e \u201copletajo\u010de breme\u201d, hkrati pa radi povzro\u010dajo peko\u010de odrgnine. Na vse te specifi\u010dno \u017eenske izzive se moramo pripraviti. Zelo pomaga, \u010de organizatorji poskrbijo za prostor, kjer se lahko v miru uredimo, ter \u010de so na okrep\u010devalnicah na voljo tamponi, vlo\u017eki ali rob\u010dki. To so za nas punce drobne pozornosti, ki nam lahko dobesedno re\u0161ijo nastop.<\/p>\n<hr \/>\n<p class=\"p3\"><b>Kaj bi si \u017eelela, da bi \u017eenske pogosteje sli\u0161ale?<\/b><b><\/b><\/p>\n<p class=\"p2\">Da zmorejo ve\u010d, kot mislijo, da zmorejo. Trail in ultra tek nista samo za \u201cposebne ljudi\u201d. Za mnoge bi bilo dovolj nekaj mesecev rednega gibanja, da bi odkrile, kako mo\u010dne so.<\/p>\n<p class=\"p2\">Ko pride\u0161 na vrh, ko oddela\u0161 interval, ko zaklju\u010di\u0161 svoj prvi trail \u2013 to so trenutki, ki te gradijo. \u017delim si, da bi si \u017eenske ve\u010dkrat dale prilo\u017enost oditi v naravo in se po\u010dutiti zares \u017eive v svojem elementu. In da bi ve\u010dkrat sli\u0161ale spodbudo v stilu: \u201cDraga, obuj si superge in pojdi ven, \u010dez eno uro bo ve\u010derja.\u201d \ud83d\ude42<\/p>\n<hr \/>\n<p class=\"p3\"><b>Vabilo mladim srnam, ki \u017eelijo po stezah ko\u0161utk \ud83e\udd8c<\/b><b><\/b><\/p>\n<p class=\"p2\">Teka\u010dice, pridite na pripravljalno turo UTVV. Ne rabi\u0161 nujno kolegice \u2013 na\u0161la jo bo\u0161 tukaj. Na trailih se prijateljstva spletajo hitro in iskreno. Tam smo si podporne, ne tekmice.<\/p>\n<p class=\"p2\"><i>Tadej<\/i><\/p>\n","protected":false},"excerpt":{"rendered":"<p>Intervju z Barbaro Joli\u010d Pi\u0161e: Tadej Maligoj\u00a0\u270d\ufe0f Barbara, kako si sploh za\u0161la v trail tek? Med \u0161tudijem na Fakulteti za \u0161port sem spoznala adventure race, orientacijski tek in hitro ugotovila, da poleg stadiona in cest obstaja \u0161e en svet \u2013 gorski, ultra in trail teki. Knjige, kot so Jej in teci, Ultramaratonec in Rojeni za [&hellip;]<\/p>\n","protected":false},"author":1,"featured_media":244800,"comment_status":"closed","ping_status":"open","sticky":false,"template":"","format":"standard","meta":{"_et_pb_use_builder":"","_et_pb_old_content":"","_et_gb_content_width":"","inline_featured_image":false},"categories":[170],"tags":[],"acf":[],"yoast_head":"<!-- This site is optimized with the Yoast SEO plugin v20.12 - https:\/\/yoast.com\/wordpress\/plugins\/seo\/ -->\n<title>3. UTVV pripravljalna tura \u2013 O \u017eenskah v trailu, posebnih potrebah in zakaj je skupnost v\u010dasih pomembnej\u0161a od kilometrov - Ultra Trail Vipava Valley - Slovenia<\/title>\n<meta name=\"description\" content=\"Na 3. UTVV pripravljalni turi za \u017eenske Barbara Joli\u010d govori o posebnih potrebah trail teka\u010dic, \u017eenskem ciklu, varnosti in pogumu na stezicah.\" \/>\n<meta name=\"robots\" content=\"index, follow, max-snippet:-1, max-image-preview:large, max-video-preview:-1\" \/>\n<link rel=\"canonical\" href=\"https:\/\/ultratrail.si\/sl\/2025\/12\/08\/3-utvv-pripravljalna-tura-o-zenskah-v-trailu-posebnih-potrebah-in-zakaj-je-skupnost-vcasih-pomembnejsa-od-kilometrov\/\" \/>\n<meta property=\"og:locale\" content=\"sl_SI\" \/>\n<meta property=\"og:type\" content=\"article\" \/>\n<meta property=\"og:title\" content=\"3. UTVV pripravljalna tura \u2013 O \u017eenskah v trailu, posebnih potrebah in zakaj je skupnost v\u010dasih pomembnej\u0161a od kilometrov - Ultra Trail Vipava Valley - Slovenia\" \/>\n<meta property=\"og:description\" content=\"Na 3. UTVV pripravljalni turi za \u017eenske Barbara Joli\u010d govori o posebnih potrebah trail teka\u010dic, \u017eenskem ciklu, varnosti in pogumu na stezicah.\" \/>\n<meta property=\"og:url\" content=\"https:\/\/ultratrail.si\/sl\/2025\/12\/08\/3-utvv-pripravljalna-tura-o-zenskah-v-trailu-posebnih-potrebah-in-zakaj-je-skupnost-vcasih-pomembnejsa-od-kilometrov\/\" \/>\n<meta property=\"og:site_name\" content=\"Ultra Trail Vipava Valley - Slovenia\" \/>\n<meta property=\"article:published_time\" content=\"2025-12-08T16:01:08+00:00\" \/>\n<meta property=\"og:image\" content=\"https:\/\/ultratrail.si\/wp-content\/uploads\/2025\/12\/BE648D6D-E284-43DE-99EA-3A5AAAD5016A.jpg\" \/>\n\t<meta property=\"og:image:width\" content=\"1500\" \/>\n\t<meta property=\"og:image:height\" content=\"2000\" \/>\n\t<meta property=\"og:image:type\" content=\"image\/jpeg\" \/>\n<meta name=\"author\" content=\"UTVV\" \/>\n<meta name=\"twitter:card\" content=\"summary_large_image\" \/>\n<meta name=\"twitter:label1\" content=\"Written by\" \/>\n\t<meta name=\"twitter:data1\" content=\"UTVV\" \/>\n\t<meta name=\"twitter:label2\" content=\"Est. reading time\" \/>\n\t<meta name=\"twitter:data2\" content=\"4 minute\" \/>\n<script type=\"application\/ld+json\" class=\"yoast-schema-graph\">{\"@context\":\"https:\/\/schema.org\",\"@graph\":[{\"@type\":\"WebPage\",\"@id\":\"https:\/\/ultratrail.si\/sl\/2025\/12\/08\/3-utvv-pripravljalna-tura-o-zenskah-v-trailu-posebnih-potrebah-in-zakaj-je-skupnost-vcasih-pomembnejsa-od-kilometrov\/\",\"url\":\"https:\/\/ultratrail.si\/sl\/2025\/12\/08\/3-utvv-pripravljalna-tura-o-zenskah-v-trailu-posebnih-potrebah-in-zakaj-je-skupnost-vcasih-pomembnejsa-od-kilometrov\/\",\"name\":\"3. UTVV pripravljalna tura \u2013 O \u017eenskah v trailu, posebnih potrebah in zakaj je skupnost v\u010dasih pomembnej\u0161a od kilometrov - Ultra Trail Vipava Valley - Slovenia\",\"isPartOf\":{\"@id\":\"https:\/\/ultratrail.si\/sl\/#website\"},\"datePublished\":\"2025-12-08T16:01:08+00:00\",\"dateModified\":\"2025-12-08T16:01:08+00:00\",\"author\":{\"@id\":\"https:\/\/ultratrail.si\/sl\/#\/schema\/person\/76f4f221151a2278be93dd5b50a67e74\"},\"description\":\"Na 3. UTVV pripravljalni turi za \u017eenske Barbara Joli\u010d govori o posebnih potrebah trail teka\u010dic, \u017eenskem ciklu, varnosti in pogumu na stezicah.\",\"breadcrumb\":{\"@id\":\"https:\/\/ultratrail.si\/sl\/2025\/12\/08\/3-utvv-pripravljalna-tura-o-zenskah-v-trailu-posebnih-potrebah-in-zakaj-je-skupnost-vcasih-pomembnejsa-od-kilometrov\/#breadcrumb\"},\"inLanguage\":\"sl-SI\",\"potentialAction\":[{\"@type\":\"ReadAction\",\"target\":[\"https:\/\/ultratrail.si\/sl\/2025\/12\/08\/3-utvv-pripravljalna-tura-o-zenskah-v-trailu-posebnih-potrebah-in-zakaj-je-skupnost-vcasih-pomembnejsa-od-kilometrov\/\"]}]},{\"@type\":\"BreadcrumbList\",\"@id\":\"https:\/\/ultratrail.si\/sl\/2025\/12\/08\/3-utvv-pripravljalna-tura-o-zenskah-v-trailu-posebnih-potrebah-in-zakaj-je-skupnost-vcasih-pomembnejsa-od-kilometrov\/#breadcrumb\",\"itemListElement\":[{\"@type\":\"ListItem\",\"position\":1,\"name\":\"Home\",\"item\":\"https:\/\/ultratrail.si\/sl\/\"},{\"@type\":\"ListItem\",\"position\":2,\"name\":\"3. UTVV pripravljalna tura \u2013 O \u017eenskah v trailu, posebnih potrebah in zakaj je skupnost v\u010dasih pomembnej\u0161a od kilometrov\"}]},{\"@type\":\"WebSite\",\"@id\":\"https:\/\/ultratrail.si\/sl\/#website\",\"url\":\"https:\/\/ultratrail.si\/sl\/\",\"name\":\"Ultra Trail Vipava Valley - Slovenia\",\"description\":\"Ultra Trail Vipava Valley\",\"potentialAction\":[{\"@type\":\"SearchAction\",\"target\":{\"@type\":\"EntryPoint\",\"urlTemplate\":\"https:\/\/ultratrail.si\/sl\/?s={search_term_string}\"},\"query-input\":\"required name=search_term_string\"}],\"inLanguage\":\"sl-SI\"},{\"@type\":\"Person\",\"@id\":\"https:\/\/ultratrail.si\/sl\/#\/schema\/person\/76f4f221151a2278be93dd5b50a67e74\",\"name\":\"UTVV\",\"image\":{\"@type\":\"ImageObject\",\"inLanguage\":\"sl-SI\",\"@id\":\"https:\/\/ultratrail.si\/sl\/#\/schema\/person\/image\/\",\"url\":\"https:\/\/ultratrail.si\/wp-content\/litespeed\/avatar\/f1a9ba49fa961eb190ccaa7684af89da.jpg?ver=1777024805\",\"contentUrl\":\"https:\/\/ultratrail.si\/wp-content\/litespeed\/avatar\/f1a9ba49fa961eb190ccaa7684af89da.jpg?ver=1777024805\",\"caption\":\"UTVV\"},\"url\":\"https:\/\/ultratrail.si\/sl\/author\/utvva\/\"}]}<\/script>\n<!-- \/ Yoast SEO plugin. -->","yoast_head_json":{"title":"3. UTVV pripravljalna tura \u2013 O \u017eenskah v trailu, posebnih potrebah in zakaj je skupnost v\u010dasih pomembnej\u0161a od kilometrov - Ultra Trail Vipava Valley - Slovenia","description":"Na 3. UTVV pripravljalni turi za \u017eenske Barbara Joli\u010d govori o posebnih potrebah trail teka\u010dic, \u017eenskem ciklu, varnosti in pogumu na stezicah.","robots":{"index":"index","follow":"follow","max-snippet":"max-snippet:-1","max-image-preview":"max-image-preview:large","max-video-preview":"max-video-preview:-1"},"canonical":"https:\/\/ultratrail.si\/sl\/2025\/12\/08\/3-utvv-pripravljalna-tura-o-zenskah-v-trailu-posebnih-potrebah-in-zakaj-je-skupnost-vcasih-pomembnejsa-od-kilometrov\/","og_locale":"sl_SI","og_type":"article","og_title":"3. UTVV pripravljalna tura \u2013 O \u017eenskah v trailu, posebnih potrebah in zakaj je skupnost v\u010dasih pomembnej\u0161a od kilometrov - Ultra Trail Vipava Valley - Slovenia","og_description":"Na 3. UTVV pripravljalni turi za \u017eenske Barbara Joli\u010d govori o posebnih potrebah trail teka\u010dic, \u017eenskem ciklu, varnosti in pogumu na stezicah.","og_url":"https:\/\/ultratrail.si\/sl\/2025\/12\/08\/3-utvv-pripravljalna-tura-o-zenskah-v-trailu-posebnih-potrebah-in-zakaj-je-skupnost-vcasih-pomembnejsa-od-kilometrov\/","og_site_name":"Ultra Trail Vipava Valley - Slovenia","article_published_time":"2025-12-08T16:01:08+00:00","og_image":[{"width":1500,"height":2000,"url":"https:\/\/ultratrail.si\/wp-content\/uploads\/2025\/12\/BE648D6D-E284-43DE-99EA-3A5AAAD5016A.jpg","type":"image\/jpeg"}],"author":"UTVV","twitter_card":"summary_large_image","twitter_misc":{"Written by":"UTVV","Est. reading time":"4 minute"},"schema":{"@context":"https:\/\/schema.org","@graph":[{"@type":"WebPage","@id":"https:\/\/ultratrail.si\/sl\/2025\/12\/08\/3-utvv-pripravljalna-tura-o-zenskah-v-trailu-posebnih-potrebah-in-zakaj-je-skupnost-vcasih-pomembnejsa-od-kilometrov\/","url":"https:\/\/ultratrail.si\/sl\/2025\/12\/08\/3-utvv-pripravljalna-tura-o-zenskah-v-trailu-posebnih-potrebah-in-zakaj-je-skupnost-vcasih-pomembnejsa-od-kilometrov\/","name":"3. UTVV pripravljalna tura \u2013 O \u017eenskah v trailu, posebnih potrebah in zakaj je skupnost v\u010dasih pomembnej\u0161a od kilometrov - Ultra Trail Vipava Valley - Slovenia","isPartOf":{"@id":"https:\/\/ultratrail.si\/sl\/#website"},"datePublished":"2025-12-08T16:01:08+00:00","dateModified":"2025-12-08T16:01:08+00:00","author":{"@id":"https:\/\/ultratrail.si\/sl\/#\/schema\/person\/76f4f221151a2278be93dd5b50a67e74"},"description":"Na 3. UTVV pripravljalni turi za \u017eenske Barbara Joli\u010d govori o posebnih potrebah trail teka\u010dic, \u017eenskem ciklu, varnosti in pogumu na stezicah.","breadcrumb":{"@id":"https:\/\/ultratrail.si\/sl\/2025\/12\/08\/3-utvv-pripravljalna-tura-o-zenskah-v-trailu-posebnih-potrebah-in-zakaj-je-skupnost-vcasih-pomembnejsa-od-kilometrov\/#breadcrumb"},"inLanguage":"sl-SI","potentialAction":[{"@type":"ReadAction","target":["https:\/\/ultratrail.si\/sl\/2025\/12\/08\/3-utvv-pripravljalna-tura-o-zenskah-v-trailu-posebnih-potrebah-in-zakaj-je-skupnost-vcasih-pomembnejsa-od-kilometrov\/"]}]},{"@type":"BreadcrumbList","@id":"https:\/\/ultratrail.si\/sl\/2025\/12\/08\/3-utvv-pripravljalna-tura-o-zenskah-v-trailu-posebnih-potrebah-in-zakaj-je-skupnost-vcasih-pomembnejsa-od-kilometrov\/#breadcrumb","itemListElement":[{"@type":"ListItem","position":1,"name":"Home","item":"https:\/\/ultratrail.si\/sl\/"},{"@type":"ListItem","position":2,"name":"3. UTVV pripravljalna tura \u2013 O \u017eenskah v trailu, posebnih potrebah in zakaj je skupnost v\u010dasih pomembnej\u0161a od kilometrov"}]},{"@type":"WebSite","@id":"https:\/\/ultratrail.si\/sl\/#website","url":"https:\/\/ultratrail.si\/sl\/","name":"Ultra Trail Vipava Valley - Slovenia","description":"Ultra Trail Vipava Valley","potentialAction":[{"@type":"SearchAction","target":{"@type":"EntryPoint","urlTemplate":"https:\/\/ultratrail.si\/sl\/?s={search_term_string}"},"query-input":"required name=search_term_string"}],"inLanguage":"sl-SI"},{"@type":"Person","@id":"https:\/\/ultratrail.si\/sl\/#\/schema\/person\/76f4f221151a2278be93dd5b50a67e74","name":"UTVV","image":{"@type":"ImageObject","inLanguage":"sl-SI","@id":"https:\/\/ultratrail.si\/sl\/#\/schema\/person\/image\/","url":"https:\/\/ultratrail.si\/wp-content\/litespeed\/avatar\/f1a9ba49fa961eb190ccaa7684af89da.jpg?ver=1777024805","contentUrl":"https:\/\/ultratrail.si\/wp-content\/litespeed\/avatar\/f1a9ba49fa961eb190ccaa7684af89da.jpg?ver=1777024805","caption":"UTVV"},"url":"https:\/\/ultratrail.si\/sl\/author\/utvva\/"}]}},"_links":{"self":[{"href":"https:\/\/ultratrail.si\/sl\/wp-json\/wp\/v2\/posts\/244806"}],"collection":[{"href":"https:\/\/ultratrail.si\/sl\/wp-json\/wp\/v2\/posts"}],"about":[{"href":"https:\/\/ultratrail.si\/sl\/wp-json\/wp\/v2\/types\/post"}],"author":[{"embeddable":true,"href":"https:\/\/ultratrail.si\/sl\/wp-json\/wp\/v2\/users\/1"}],"replies":[{"embeddable":true,"href":"https:\/\/ultratrail.si\/sl\/wp-json\/wp\/v2\/comments?post=244806"}],"version-history":[{"count":0,"href":"https:\/\/ultratrail.si\/sl\/wp-json\/wp\/v2\/posts\/244806\/revisions"}],"wp:featuredmedia":[{"embeddable":true,"href":"https:\/\/ultratrail.si\/sl\/wp-json\/wp\/v2\/media\/244800"}],"wp:attachment":[{"href":"https:\/\/ultratrail.si\/sl\/wp-json\/wp\/v2\/media?parent=244806"}],"wp:term":[{"taxonomy":"category","embeddable":true,"href":"https:\/\/ultratrail.si\/sl\/wp-json\/wp\/v2\/categories?post=244806"},{"taxonomy":"post_tag","embeddable":true,"href":"https:\/\/ultratrail.si\/sl\/wp-json\/wp\/v2\/tags?post=244806"}],"curies":[{"name":"wp","href":"https:\/\/api.w.org\/{rel}","templated":true}]}}