{"id":244999,"date":"2025-12-19T16:13:53","date_gmt":"2025-12-19T16:13:53","guid":{"rendered":"https:\/\/ultratrail.si\/2025\/12\/19\/skrlanka-domac-teren-skupnost-in-tek-ki-povezuje\/"},"modified":"2025-12-19T16:23:47","modified_gmt":"2025-12-19T16:23:47","slug":"skrlanka-domac-teren-skupnost-in-tek-ki-povezuje","status":"publish","type":"post","link":"https:\/\/ultratrail.si\/sl\/2025\/12\/19\/skrlanka-domac-teren-skupnost-in-tek-ki-povezuje\/","title":{"rendered":"Skrlanka: doma\u010d teren, skupnost in tek, ki povezuje"},"content":{"rendered":"<p><b>Intervju z Andijem Mami\u0107em<\/b><\/p>\n<p><b>\u270d\ufe0f <\/b><span style=\"font-weight: 400;\">Tadej Maligoj<\/p>\n<p><\/span><\/p>\n<p><span style=\"font-weight: 400;\">Ko Andi Mami\u010d govori o Skrlanki, hitro postane jasno, da to ni le \u0161e<\/span><\/p>\n<p><span style=\"font-weight: 400;\">ena pripravljalna tura. Je njegov doma\u010d teren, skupnost, zgodba kraja<\/span><\/p>\n<p><span style=\"font-weight: 400;\">in tek, ki ima pomen tudi onkraj kilometrov in vi\u0161incev. Prav zato je<\/span><\/p>\n<p><span style=\"font-weight: 400;\">Skrlanka najbolj &#8216;njegova&#8217; UTVV pripravljalna tura. Lepa trasa,<\/span><\/p>\n<p><span style=\"font-weight: 400;\">poseben prazni\u010den dan in odli\u010dna organizacija so razlogi, da se 26.<\/span><\/p>\n<p><span style=\"font-weight: 400;\">decembra v Skriljah vsako leto zbere toliko ljudi.<\/span><\/p>\n<p>&nbsp;<\/p>\n<p><b>Skrlanka je tvoja najljub\u0161a.<\/b><b><\/b><\/p>\n<p>&nbsp;<\/p>\n<p><span style=\"font-weight: 400;\">Kot doma\u010din sem te stezice ob vzno\u017eju \u010cavna pretekel ne\u0161tetokrat. So<\/span><\/p>\n<p><span style=\"font-weight: 400;\">del mojega vsakdana. Leta 2019 smo se va\u0161\u010dani odlo\u010dili, da naredimo<\/span><\/p>\n<p><span style=\"font-weight: 400;\">nekaj ve\u010d \u2014 o\u010distili smo skrit, zara\u0161\u010den izvir vode in uredili ter<\/span><\/p>\n<p><span style=\"font-weight: 400;\">ozna\u010dili kro\u017eno pot do njega in nazaj. Skrlanka ni nastala na papirju,<\/span><\/p>\n<p><span style=\"font-weight: 400;\">ampak z delom na terenu, z lopato, \u0161karjami in precej dobre volje. Kot<\/span><\/p>\n<p><span style=\"font-weight: 400;\">trail teka\u010d sem \u0161e posebej pozorno izbral potek spusta od izvira<\/span><\/p>\n<p><span style=\"font-weight: 400;\">navzdol. Ravno prav tehni\u010den, teko\u010d, tak, da te povabi k gibanju.<\/span><\/p>\n<p><span style=\"font-weight: 400;\">Tukaj sem doma \u2014 kot vodnik UTVV priprav, kot teka\u010d in kot \u00bbSkrlan\u00ab.<\/span><\/p>\n<p><span style=\"font-weight: 400;\">Ta pot mi je res pri srcu.<\/span><\/p>\n<p>&nbsp;<\/p>\n<p><b>Skrlanka ni samo UTVV pripravljalna tura, kajne?<\/b><\/p>\n<p>&nbsp;<\/p>\n<p><span style=\"font-weight: 400;\">Ne, ne, Skrlanka je \u0161ir\u0161i dogodek, namenjena tudi pohodnikom vseh<\/span><\/p>\n<p><span style=\"font-weight: 400;\">starosti, dru\u017einam in vsem, ki si \u017eelijo pre\u017eiveti dan zunaj in se<\/span><\/p>\n<p><span style=\"font-weight: 400;\">imeti dobro. Velik del organizacije prevzamejo Krajevna skupnost in<\/span><\/p>\n<p><span style=\"font-weight: 400;\">aktivni va\u0161\u010dani. Okrep\u010dila, pa tudi vsebine, ki so povezane s kulturo,<\/span><\/p>\n<p><span style=\"font-weight: 400;\">tradicijo in zabavo. Zaradi tega dogodek diha druga\u010de. Ni samo<\/span><\/p>\n<p><span style=\"font-weight: 400;\">\u0161porten, je tudi dru\u017eaben in doma\u010d.<\/span><\/p>\n<p><span style=\"font-weight: 400;\">Vsekakor prinesite tudi civilko, saj boste ostali pri nas dlje kot po<\/span><\/p>\n<p><span style=\"font-weight: 400;\">obi\u010dajni turi. No, saj, &#8230; to zdaj velja \u017ee kar za vse na\u0161e<\/span><\/p>\n<p><span style=\"font-weight: 400;\">pripravljalne ture &#8230; \ud83d\ude42<\/span><\/p>\n<p>&nbsp;<\/p>\n<p><b>Kako bi Skrlanko opisal nekomu, ki bi mu bila to sploh prva UTVV<\/b><\/p>\n<p><b>pripravljalna tura?<\/b><\/p>\n<p>&nbsp;<\/p>\n<p><span style=\"font-weight: 400;\">Skrlanka je kratek, a konkreten krog. V dobrih \u0161estih kilometrih se<\/span><\/p>\n<p><span style=\"font-weight: 400;\">nabere skoraj 350 vi\u0161inskih metrov. Ravno prav, da naredi\u0161 kakovosten<\/span><\/p>\n<p><span style=\"font-weight: 400;\">trening.<\/span><\/p>\n<p><span style=\"font-weight: 400;\">Vzpon te pripelje do izvira, spust pa je tisti pravi trailovski \u2014<\/span><\/p>\n<p><span style=\"font-weight: 400;\">teko\u010d, igriv, ve\u010dinoma po gozdnih stezicah. Krog vsak ponavlja toliko<\/span><\/p>\n<p><span style=\"font-weight: 400;\">\u010dasa, kolikor mu ustreza. Ve\u010dina teka\u010dev naredi tri ali \u0161tiri kroge,<\/span><\/p>\n<p><span style=\"font-weight: 400;\">pohodniki enega, tisti najbolj zagrizeni ultra\u0161i pa vztrajajo vseh<\/span><\/p>\n<p><span style=\"font-weight: 400;\">\u0161est ur.<\/span><\/p>\n<p><span style=\"font-weight: 400;\">Na \u0161tartu kroga je okrep\u010devalnica, ki pomaga pri odlo\u010ditvi, ali \u0161e v<\/span><\/p>\n<p><span style=\"font-weight: 400;\">en krog. Vse pa na koncu \u010daka topel obrok. A \u010de vpra\u0161a\u0161 udele\u017eence, ti<\/span><\/p>\n<p><span style=\"font-weight: 400;\">bodo skoraj vsi rekli isto: najbolj jih navdu\u0161i vzdu\u0161je.<\/span><\/p>\n<p>&nbsp;<\/p>\n<p><b>Si uspe\u0161en trail teka\u010d, a hkrati zelo \u2018ljudski\u2019 organizator. Kaj te<\/b><\/p>\n<p><b>\u017eene, da vztraja\u0161 pri tem?<\/b><\/p>\n<p>&nbsp;<\/p>\n<p><span style=\"font-weight: 400;\">UTVV pripravljalne ture potekajo \u017ee deveto sezono in na vseh sem bil<\/span><\/p>\n<p><span style=\"font-weight: 400;\">zraven. Izpustil sem samo eno \u2014 prej\u0161njo, tisto \u017eensko, kamor pa\u010d<\/span><\/p>\n<p><span style=\"font-weight: 400;\">nisem imel vstopa. <\/span><span style=\"font-weight: 400;\"> Z UTVV prireditvijo sem mo\u010dno povezan, tudi<\/span><\/p>\n<p><span style=\"font-weight: 400;\">\u010dustveno. In ker pri sami organizaciji tekme ne morem pomagati \u2014 ker<\/span><\/p>\n<p><span style=\"font-weight: 400;\">vedno na njej tekmujem \u2014 sem na\u0161el svoj na\u010din prispevka: pripravljalne<\/span><\/p>\n<p><span style=\"font-weight: 400;\">ture.<\/span><\/p>\n<p><span style=\"font-weight: 400;\">Iskreno priznam \u2014 te ture so koristno tudi zame, vedno opravim dober<\/span><\/p>\n<p><span style=\"font-weight: 400;\">trening. \u0160e ve\u010d pa mi pomeni, da lahko svojim prijateljem teka\u010dem<\/span><\/p>\n<p><span style=\"font-weight: 400;\">poka\u017eem nove stezice in na\u0161o lepo dolino. V \u010dast mi je, ko vidim, da<\/span><\/p>\n<p><span style=\"font-weight: 400;\">so zadovoljni in da odkrivajo poti, po katerih sem sam odra\u0161\u010dal kot<\/span><\/p>\n<p><span style=\"font-weight: 400;\">teka\u010d.<\/span><\/p>\n<p>&nbsp;<\/p>\n<p><b>Po devetih sezonah \u2014 kako ocenjuje\u0161? Kaj teka\u010di odnesejo s priprav \u2014<\/b><\/p>\n<p><b>poleg kilometrov in vi\u0161incev?<\/b><\/p>\n<p>&nbsp;<\/p>\n<p><span style=\"font-weight: 400;\">Manj izku\u0161eni dobijo ogromno koristnih informacij neposredno na<\/span><\/p>\n<p><span style=\"font-weight: 400;\">terenu. Bolj izku\u0161eni se vra\u010dajo zaradi dobrega po\u010dutja in vedno<\/span><\/p>\n<p><span style=\"font-weight: 400;\">zanimive dru\u017ebe. In ker imamo na turah razli\u010dno hitre skupine, je z<\/span><\/p>\n<p><span style=\"font-weight: 400;\">dobro izbiro to lahko tudi izjemna prilo\u017enost za malenkost vi\u0161ji<\/span><\/p>\n<p><span style=\"font-weight: 400;\">tempo, kot bi si ga narekoval sam. V skupini je tak trening la\u017ee<\/span><\/p>\n<p><span style=\"font-weight: 400;\">opraviti.<\/span><\/p>\n<p><span style=\"font-weight: 400;\">Hkrati pa na\u0161e ture vsebujejo tudi elemente, ki simulirajo pogoje na<\/span><\/p>\n<p><span style=\"font-weight: 400;\">tekmi: izbor opreme, pravo\u010dasni prihod na \u0161tart, nekaj stresnih<\/span><\/p>\n<p><span style=\"font-weight: 400;\">hormonov \u2026 in vse to pomaga v pripravah na dolge tekme.<\/span><\/p>\n<p>&nbsp;<\/p>\n<p><b>Magnifico na Bo\u017ei\u010d, Skrlanka na Dan samostojnosti in enotnosti?<\/b><\/p>\n<p>&nbsp;<\/p>\n<p><span style=\"font-weight: 400;\">Prazniki so pri nas pogosto zaznamovani s preve\u010d hrane, pija\u010de in<\/span><\/p>\n<p><span style=\"font-weight: 400;\">potro\u0161ni\u0161tva. Zame je idealen prazni\u010dni dan druga\u010den: zgodnje<\/span><\/p>\n<p><span style=\"font-weight: 400;\">vstajanje, gibanje, dovolj vi\u0161incev, da za\u010dutim svet pod seboj \u2014 nato<\/span><\/p>\n<p><span style=\"font-weight: 400;\">se miren vrnem domov in praznujem z najbli\u017ejimi.<\/span><\/p>\n<ol start=\"26\">\n<li><span style=\"font-weight: 400;\"> december ni naklju\u010dje. To je dan samostojnosti in enotnosti. Ko smo<\/span><\/li>\n<\/ol>\n<p><span style=\"font-weight: 400;\">razmi\u0161ljali o terminu, smo se spomnili zgodb na\u0161ih prednikov, ki so se<\/span><\/p>\n<p><span style=\"font-weight: 400;\">morali v \u010dasu fa\u0161izma skrivati v gozdu, da so lahko kuhali \u017eganje.<\/span><\/p>\n<p><span style=\"font-weight: 400;\">Zato ima \u017eganjekuha na Skrlanki simbolni pomen. Dogodek za\u010dnemo z<\/span><\/p>\n<p><span style=\"font-weight: 400;\">dr\u017eavno himno, ob zastavah in v bo\u017ei\u010dno-novoletnem vzdu\u0161ju vse skupaj<\/span><\/p>\n<p><span style=\"font-weight: 400;\">dobi poseben, skoraj slovesen ton.<\/span><\/p>\n<p>&nbsp;<\/p>\n<p><b>\u010ce bi na cesti pocukal znanca za rokav in ga povabil &#8230;<\/b><\/p>\n<p>&nbsp;<\/p>\n<p><span style=\"font-weight: 400;\">Po prazni\u010dnem razvajanju je zelo dobro, da se malo pretegne\u0161. Pridi,<\/span><\/p>\n<p><span style=\"font-weight: 400;\">imel se bo\u0161 fajn, se dru\u017eil \u2014 in od\u0161el domov z ob\u010dutkom, da si<\/span><\/p>\n<p><span style=\"font-weight: 400;\">odpraznoval dan.<\/span><\/p>\n<p>&nbsp;<\/p>\n<p><b>Zakaj ti je pomembno, da je Skrlanka odprta za vse?<\/b><\/p>\n<p>&nbsp;<\/p>\n<p><span style=\"font-weight: 400;\">Trail tek je odprl vrata marsikomu, ki prej niti pomislil ni, da bi<\/span><\/p>\n<p><span style=\"font-weight: 400;\">\u0161el na teka\u0161ko tekmo. Ta \u00bb\u0161irina\u00ab je velika vrednost tega \u0161porta. \u0160e<\/span><\/p>\n<p><span style=\"font-weight: 400;\">veliko veliko ve\u010d se jih rado giblje po naravi, \u010deprav pri tem ne<\/span><\/p>\n<p><span style=\"font-weight: 400;\">te\u010dejo. Taki me\u0161ani dogodki na noge spravijo marsikoga \u2014 starostnike,<\/span><\/p>\n<p><span style=\"font-weight: 400;\">star\u0161e z otroki, tudi tiste, ki se sicer te\u017eko odlo\u010dijo premagati<\/span><\/p>\n<p><span style=\"font-weight: 400;\">kak\u0161en klan\u010dek.<\/span><\/p>\n<p><span style=\"font-weight: 400;\">Dru\u017eenje ni odvisno od \u0161tevila krogov. Na poti in na izhodi\u0161\u010du se vsi<\/span><\/p>\n<p><span style=\"font-weight: 400;\">sre\u010damo, ob toplem obroku in kozarcu kuhanega vina pa vedno ste\u010de<\/span><\/p>\n<p><span style=\"font-weight: 400;\">dobra beseda.<\/span><\/p>\n","protected":false},"excerpt":{"rendered":"<p>Intervju z Andijem Mami\u0107em \u270d\ufe0f Tadej Maligoj Ko Andi Mami\u010d govori o Skrlanki, hitro postane jasno, da to ni le \u0161e ena pripravljalna tura. Je njegov doma\u010d teren, skupnost, zgodba kraja in tek, ki ima pomen tudi onkraj kilometrov in vi\u0161incev. Prav zato je Skrlanka najbolj &#8216;njegova&#8217; UTVV pripravljalna tura. Lepa trasa, poseben prazni\u010den dan [&hellip;]<\/p>\n","protected":false},"author":1,"featured_media":244995,"comment_status":"closed","ping_status":"open","sticky":false,"template":"","format":"standard","meta":{"_et_pb_use_builder":"","_et_pb_old_content":"","_et_gb_content_width":"","inline_featured_image":false},"categories":[170],"tags":[],"acf":[],"yoast_head":"<!-- This site is optimized with the Yoast SEO plugin v20.12 - https:\/\/yoast.com\/wordpress\/plugins\/seo\/ -->\n<title>Skrlanka: doma\u010di teren, skupnost in tek, ki povezuje ljudi<\/title>\n<meta name=\"description\" content=\"Intervju z Andijem Mami\u0107em o Skrlanki: doma\u010de poti, skupnost in zakaj je ta pripravljalna tura nekaj posebnega v Skriljah.\" \/>\n<meta name=\"robots\" content=\"index, follow, max-snippet:-1, max-image-preview:large, max-video-preview:-1\" \/>\n<link rel=\"canonical\" href=\"https:\/\/ultratrail.si\/sl\/2025\/12\/19\/skrlanka-domac-teren-skupnost-in-tek-ki-povezuje\/\" \/>\n<meta property=\"og:locale\" content=\"sl_SI\" \/>\n<meta property=\"og:type\" content=\"article\" \/>\n<meta property=\"og:title\" content=\"Skrlanka: doma\u010di teren, skupnost in tek, ki povezuje ljudi\" \/>\n<meta property=\"og:description\" content=\"Intervju z Andijem Mami\u0107em o Skrlanki: doma\u010de poti, skupnost in zakaj je ta pripravljalna tura nekaj posebnega v Skriljah.\" \/>\n<meta property=\"og:url\" content=\"https:\/\/ultratrail.si\/sl\/2025\/12\/19\/skrlanka-domac-teren-skupnost-in-tek-ki-povezuje\/\" \/>\n<meta property=\"og:site_name\" content=\"Ultra Trail Vipava Valley - Slovenia\" \/>\n<meta property=\"article:published_time\" content=\"2025-12-19T16:13:53+00:00\" \/>\n<meta property=\"article:modified_time\" content=\"2025-12-19T16:23:47+00:00\" \/>\n<meta property=\"og:image\" content=\"https:\/\/ultratrail.si\/wp-content\/uploads\/2025\/12\/4th-training-1024x683.jpg\" \/>\n\t<meta property=\"og:image:width\" content=\"1024\" \/>\n\t<meta property=\"og:image:height\" content=\"683\" \/>\n\t<meta property=\"og:image:type\" content=\"image\/jpeg\" \/>\n<meta name=\"author\" content=\"UTVV\" \/>\n<meta name=\"twitter:card\" content=\"summary_large_image\" \/>\n<meta name=\"twitter:label1\" content=\"Written by\" \/>\n\t<meta name=\"twitter:data1\" content=\"UTVV\" \/>\n\t<meta name=\"twitter:label2\" content=\"Est. reading time\" \/>\n\t<meta name=\"twitter:data2\" content=\"4 minute\" \/>\n<script type=\"application\/ld+json\" class=\"yoast-schema-graph\">{\"@context\":\"https:\/\/schema.org\",\"@graph\":[{\"@type\":\"WebPage\",\"@id\":\"https:\/\/ultratrail.si\/sl\/2025\/12\/19\/skrlanka-domac-teren-skupnost-in-tek-ki-povezuje\/\",\"url\":\"https:\/\/ultratrail.si\/sl\/2025\/12\/19\/skrlanka-domac-teren-skupnost-in-tek-ki-povezuje\/\",\"name\":\"Skrlanka: doma\u010di teren, skupnost in tek, ki povezuje ljudi\",\"isPartOf\":{\"@id\":\"https:\/\/ultratrail.si\/sl\/#website\"},\"datePublished\":\"2025-12-19T16:13:53+00:00\",\"dateModified\":\"2025-12-19T16:23:47+00:00\",\"author\":{\"@id\":\"https:\/\/ultratrail.si\/sl\/#\/schema\/person\/76f4f221151a2278be93dd5b50a67e74\"},\"description\":\"Intervju z Andijem Mami\u0107em o Skrlanki: doma\u010de poti, skupnost in zakaj je ta pripravljalna tura nekaj posebnega v Skriljah.\",\"breadcrumb\":{\"@id\":\"https:\/\/ultratrail.si\/sl\/2025\/12\/19\/skrlanka-domac-teren-skupnost-in-tek-ki-povezuje\/#breadcrumb\"},\"inLanguage\":\"sl-SI\",\"potentialAction\":[{\"@type\":\"ReadAction\",\"target\":[\"https:\/\/ultratrail.si\/sl\/2025\/12\/19\/skrlanka-domac-teren-skupnost-in-tek-ki-povezuje\/\"]}]},{\"@type\":\"BreadcrumbList\",\"@id\":\"https:\/\/ultratrail.si\/sl\/2025\/12\/19\/skrlanka-domac-teren-skupnost-in-tek-ki-povezuje\/#breadcrumb\",\"itemListElement\":[{\"@type\":\"ListItem\",\"position\":1,\"name\":\"Home\",\"item\":\"https:\/\/ultratrail.si\/sl\/\"},{\"@type\":\"ListItem\",\"position\":2,\"name\":\"Skrlanka: doma\u010d teren, skupnost in tek, ki povezuje\"}]},{\"@type\":\"WebSite\",\"@id\":\"https:\/\/ultratrail.si\/sl\/#website\",\"url\":\"https:\/\/ultratrail.si\/sl\/\",\"name\":\"Ultra Trail Vipava Valley - Slovenia\",\"description\":\"Ultra Trail Vipava Valley\",\"potentialAction\":[{\"@type\":\"SearchAction\",\"target\":{\"@type\":\"EntryPoint\",\"urlTemplate\":\"https:\/\/ultratrail.si\/sl\/?s={search_term_string}\"},\"query-input\":\"required name=search_term_string\"}],\"inLanguage\":\"sl-SI\"},{\"@type\":\"Person\",\"@id\":\"https:\/\/ultratrail.si\/sl\/#\/schema\/person\/76f4f221151a2278be93dd5b50a67e74\",\"name\":\"UTVV\",\"image\":{\"@type\":\"ImageObject\",\"inLanguage\":\"sl-SI\",\"@id\":\"https:\/\/ultratrail.si\/sl\/#\/schema\/person\/image\/\",\"url\":\"https:\/\/ultratrail.si\/wp-content\/litespeed\/avatar\/f1a9ba49fa961eb190ccaa7684af89da.jpg?ver=1777024805\",\"contentUrl\":\"https:\/\/ultratrail.si\/wp-content\/litespeed\/avatar\/f1a9ba49fa961eb190ccaa7684af89da.jpg?ver=1777024805\",\"caption\":\"UTVV\"},\"url\":\"https:\/\/ultratrail.si\/sl\/author\/utvva\/\"}]}<\/script>\n<!-- \/ Yoast SEO plugin. -->","yoast_head_json":{"title":"Skrlanka: doma\u010di teren, skupnost in tek, ki povezuje ljudi","description":"Intervju z Andijem Mami\u0107em o Skrlanki: doma\u010de poti, skupnost in zakaj je ta pripravljalna tura nekaj posebnega v Skriljah.","robots":{"index":"index","follow":"follow","max-snippet":"max-snippet:-1","max-image-preview":"max-image-preview:large","max-video-preview":"max-video-preview:-1"},"canonical":"https:\/\/ultratrail.si\/sl\/2025\/12\/19\/skrlanka-domac-teren-skupnost-in-tek-ki-povezuje\/","og_locale":"sl_SI","og_type":"article","og_title":"Skrlanka: doma\u010di teren, skupnost in tek, ki povezuje ljudi","og_description":"Intervju z Andijem Mami\u0107em o Skrlanki: doma\u010de poti, skupnost in zakaj je ta pripravljalna tura nekaj posebnega v Skriljah.","og_url":"https:\/\/ultratrail.si\/sl\/2025\/12\/19\/skrlanka-domac-teren-skupnost-in-tek-ki-povezuje\/","og_site_name":"Ultra Trail Vipava Valley - Slovenia","article_published_time":"2025-12-19T16:13:53+00:00","article_modified_time":"2025-12-19T16:23:47+00:00","og_image":[{"width":1024,"height":683,"url":"https:\/\/ultratrail.si\/wp-content\/uploads\/2025\/12\/4th-training-1024x683.jpg","type":"image\/jpeg"}],"author":"UTVV","twitter_card":"summary_large_image","twitter_misc":{"Written by":"UTVV","Est. reading time":"4 minute"},"schema":{"@context":"https:\/\/schema.org","@graph":[{"@type":"WebPage","@id":"https:\/\/ultratrail.si\/sl\/2025\/12\/19\/skrlanka-domac-teren-skupnost-in-tek-ki-povezuje\/","url":"https:\/\/ultratrail.si\/sl\/2025\/12\/19\/skrlanka-domac-teren-skupnost-in-tek-ki-povezuje\/","name":"Skrlanka: doma\u010di teren, skupnost in tek, ki povezuje ljudi","isPartOf":{"@id":"https:\/\/ultratrail.si\/sl\/#website"},"datePublished":"2025-12-19T16:13:53+00:00","dateModified":"2025-12-19T16:23:47+00:00","author":{"@id":"https:\/\/ultratrail.si\/sl\/#\/schema\/person\/76f4f221151a2278be93dd5b50a67e74"},"description":"Intervju z Andijem Mami\u0107em o Skrlanki: doma\u010de poti, skupnost in zakaj je ta pripravljalna tura nekaj posebnega v Skriljah.","breadcrumb":{"@id":"https:\/\/ultratrail.si\/sl\/2025\/12\/19\/skrlanka-domac-teren-skupnost-in-tek-ki-povezuje\/#breadcrumb"},"inLanguage":"sl-SI","potentialAction":[{"@type":"ReadAction","target":["https:\/\/ultratrail.si\/sl\/2025\/12\/19\/skrlanka-domac-teren-skupnost-in-tek-ki-povezuje\/"]}]},{"@type":"BreadcrumbList","@id":"https:\/\/ultratrail.si\/sl\/2025\/12\/19\/skrlanka-domac-teren-skupnost-in-tek-ki-povezuje\/#breadcrumb","itemListElement":[{"@type":"ListItem","position":1,"name":"Home","item":"https:\/\/ultratrail.si\/sl\/"},{"@type":"ListItem","position":2,"name":"Skrlanka: doma\u010d teren, skupnost in tek, ki povezuje"}]},{"@type":"WebSite","@id":"https:\/\/ultratrail.si\/sl\/#website","url":"https:\/\/ultratrail.si\/sl\/","name":"Ultra Trail Vipava Valley - Slovenia","description":"Ultra Trail Vipava Valley","potentialAction":[{"@type":"SearchAction","target":{"@type":"EntryPoint","urlTemplate":"https:\/\/ultratrail.si\/sl\/?s={search_term_string}"},"query-input":"required name=search_term_string"}],"inLanguage":"sl-SI"},{"@type":"Person","@id":"https:\/\/ultratrail.si\/sl\/#\/schema\/person\/76f4f221151a2278be93dd5b50a67e74","name":"UTVV","image":{"@type":"ImageObject","inLanguage":"sl-SI","@id":"https:\/\/ultratrail.si\/sl\/#\/schema\/person\/image\/","url":"https:\/\/ultratrail.si\/wp-content\/litespeed\/avatar\/f1a9ba49fa961eb190ccaa7684af89da.jpg?ver=1777024805","contentUrl":"https:\/\/ultratrail.si\/wp-content\/litespeed\/avatar\/f1a9ba49fa961eb190ccaa7684af89da.jpg?ver=1777024805","caption":"UTVV"},"url":"https:\/\/ultratrail.si\/sl\/author\/utvva\/"}]}},"_links":{"self":[{"href":"https:\/\/ultratrail.si\/sl\/wp-json\/wp\/v2\/posts\/244999"}],"collection":[{"href":"https:\/\/ultratrail.si\/sl\/wp-json\/wp\/v2\/posts"}],"about":[{"href":"https:\/\/ultratrail.si\/sl\/wp-json\/wp\/v2\/types\/post"}],"author":[{"embeddable":true,"href":"https:\/\/ultratrail.si\/sl\/wp-json\/wp\/v2\/users\/1"}],"replies":[{"embeddable":true,"href":"https:\/\/ultratrail.si\/sl\/wp-json\/wp\/v2\/comments?post=244999"}],"version-history":[{"count":2,"href":"https:\/\/ultratrail.si\/sl\/wp-json\/wp\/v2\/posts\/244999\/revisions"}],"predecessor-version":[{"id":245005,"href":"https:\/\/ultratrail.si\/sl\/wp-json\/wp\/v2\/posts\/244999\/revisions\/245005"}],"wp:featuredmedia":[{"embeddable":true,"href":"https:\/\/ultratrail.si\/sl\/wp-json\/wp\/v2\/media\/244995"}],"wp:attachment":[{"href":"https:\/\/ultratrail.si\/sl\/wp-json\/wp\/v2\/media?parent=244999"}],"wp:term":[{"taxonomy":"category","embeddable":true,"href":"https:\/\/ultratrail.si\/sl\/wp-json\/wp\/v2\/categories?post=244999"},{"taxonomy":"post_tag","embeddable":true,"href":"https:\/\/ultratrail.si\/sl\/wp-json\/wp\/v2\/tags?post=244999"}],"curies":[{"name":"wp","href":"https:\/\/api.w.org\/{rel}","templated":true}]}}