{"id":245785,"date":"2026-01-13T10:34:33","date_gmt":"2026-01-13T10:34:33","guid":{"rendered":"https:\/\/ultratrail.si\/2026\/01\/13\/uros-zupan-pot-se-zacne-na-peronu\/"},"modified":"2026-01-16T08:38:43","modified_gmt":"2026-01-16T08:38:43","slug":"uros-zupan-pot-se-zacne-na-peronu","status":"publish","type":"post","link":"https:\/\/ultratrail.si\/sl\/2026\/01\/13\/uros-zupan-pot-se-zacne-na-peronu\/","title":{"rendered":"Uro\u0161 Zupan: Pot se za\u010dne na peronu"},"content":{"rendered":"<p><b>\u270d\ufe0f Tadej Maligoj<\/b><\/p>\n<p><span style=\"font-weight: 400;\">Uro\u0161 Zupan je v gibanju ves \u010das. Ne zaradi rezultatov ali dokazovanja, <\/span><span style=\"font-weight: 400;\">ampak zaradi gibanja samega, raziskovanja novih poti, zaradi ob\u010dutka <\/span><span style=\"font-weight: 400;\">biti zunaj, v naravi. Bohinjec, ki \u017eivi v Ajdov\u0161\u010dini. Ne glede na to, <\/span><span style=\"font-weight: 400;\">da jih sedaj gleda z druge strani \u2013 hribi so mu \u0161e vedno doma\u010di.<\/span><\/p>\n<p><b>Si od-\u0161el iz Ljubljane domov v Ajdov\u0161\u010dino po najkraj\u0161i poti ali si <\/b><b>naredil vmes \u0161e kak ovinek?<\/b><\/p>\n<p><span style=\"font-weight: 400;\">Ko sem izpolnil pogoje za penzijo, sem ugotovil, da izraz \u00bbiti v <\/span><span style=\"font-weight: 400;\">penzijo\u00ab pravzaprav ne dr\u017ei. Ve\u010dina se tja &#8220;odpelje&#8221;. Jaz sem se <\/span><span style=\"font-weight: 400;\">odlo\u010dil, da bom res &#8220;\u0161el&#8221;. Pe\u0161. Zadnji dan slu\u017ebe sem \u0161e zadnji\u010d <\/span><span style=\"font-weight: 400;\">po\u0161templjal kartico in se iz Ljubljane odpravil proti Ajdov\u0161\u010dini. Po <\/span><span style=\"font-weight: 400;\">najkraj\u0161i poti, \u010dez Vrhniko, Logatec in Podkraj. <\/span><span style=\"font-weight: 400;\">Brez simbolike, brez velikega na\u010drta. Samo hoja. In svoboda. In <\/span><span style=\"font-weight: 400;\">razmislek, kaj od sedaj naprej z vsem prostim \u010dasom.<\/span><\/p>\n<p><b>Zelo rad uporablja\u0161 vlak in javni prevoz. Kaj ti pomeni, da se pot <\/b><b>za\u010dne na peronu in ne na parkiri\u0161\u010du?<\/b><\/p>\n<p><span style=\"font-weight: 400;\">Tudi v slu\u017ebo sem se vozil z avtobusom. Malo dlje je trajalo, ampak <\/span><span style=\"font-weight: 400;\">glava je bila mirna. Med vo\u017enjo lahko bere\u0161, zadrema\u0161 ali pa samo <\/span><span style=\"font-weight: 400;\">gleda\u0161 skozi okno. Ko sem se upokojil, sem si takoj uredil brezpla\u010dno <\/span><span style=\"font-weight: 400;\">vozovnico za javni prevoz in tako se zame zanimiva pot za\u010dne \u017ee ob <\/span><span style=\"font-weight: 400;\">samem odhodu od doma. Danes skoraj vse izlete na\u010drtujem tako, da <\/span><span style=\"font-weight: 400;\">vklju\u010dujejo avtobus ali vlak, poleti tudi kolo. <\/span><span style=\"font-weight: 400;\">Iz Ajdov\u0161\u010dine se z malo kombiniranja pride skoraj kamorkoli \u2013 lani sem <\/span><span style=\"font-weight: 400;\">na primer potoval na \u0160kotsko in nazaj izklju\u010dno z avtobusi in vlaki. <\/span><span style=\"font-weight: 400;\">Sem ponosen na svoj oglji\u010dni odtis.<\/span><\/p>\n<p><b>Od rodnega Bohinja te lo\u010di nekaj hribov. Kako se ti zdi \u017eivljenje na <\/b><b>njihovi ju\u017eni strani?<\/b><\/p>\n<p><span style=\"font-weight: 400;\">Mislim, da imam sre\u010do: Bohinj in Vipavska dolina! U\u017eivam \u2014 po mojem <\/span><span style=\"font-weight: 400;\">mnenju \u2014 dva najlep\u0161a konca Slovenije. Na eni strani son\u010dna dolina z <\/span><span style=\"font-weight: 400;\">vinogradi in sadovnjaki, na drugi strani dolina obdana z visokimi <\/span><span style=\"font-weight: 400;\">Julijci. V Bohinj se \u0161e vedno pogosto vra\u010dam. Seveda, z vlakom! Od <\/span><span style=\"font-weight: 400;\">Ajdov\u0161\u010dine prek Gorice in Podbrda do Bohinjske Bele, nato do Gorju\u0161 <\/span><span style=\"font-weight: 400;\">gor k sestri pe\u0161. <\/span><span style=\"font-weight: 400;\">Hribi &#8230; brez njih si \u017eivljenja sploh ne predstavljam.<\/span><\/p>\n<p><b>Pri pripravljalnih turah pomaga\u0161 pri trasiranju in vodi\u0161 skupino. <\/b><b>Kako sploh pride\u0161 do ideje za pot \u2013 z na\u010drtom ali po instinktu?<\/b><\/p>\n<p><span style=\"font-weight: 400;\">Ko me je Anja povabila med vodnike, si sprva nisem predstavljal, kaj <\/span><span style=\"font-weight: 400;\">to pomeni, ali sem primeren za to in bilo je nekaj treme, dokler ni <\/span><span style=\"font-weight: 400;\">Andi to na hitro presekal z: \u00bbTi to zmore\u0161!\u00ab In je \u0161lo. <\/span><span style=\"font-weight: 400;\">Trase \u0161e vedno izbira Andi, jaz kdaj predlagam kak popravek ali <\/span><span style=\"font-weight: 400;\">ovinek. V glavi sestavljam tudi svoje ideje, za katere bo gotovo \u0161e <\/span><span style=\"font-weight: 400;\">\u010das. Ko raziskujem, mi izku\u0161nje dovolijo, da se naslonim na instinkt, <\/span><span style=\"font-weight: 400;\">ki mi dobro slu\u017ei. Pri vsem najve\u010d razmi\u0161ljam o tem, kaj bo trasa <\/span><span style=\"font-weight: 400;\">ponudila na\u0161im teka\u010dem na pripravljalni turi.<\/span><\/p>\n<p><b>Trenutno preverja\u0161 tudi dolgo kro\u017eno pot po Krasu. Je to projekt, <\/b><b>raziskovanje ali samo dober izgovor, da si ve\u010d zunaj?<\/b><\/p>\n<p><span style=\"font-weight: 400;\">Gre za ve\u010d kot 100 kilometrov dolgo kro\u017eno pot po kra\u0161kem svetu med <\/span><span style=\"font-weight: 400;\">Gori\u0161ko in Tr\u017ea\u0161kim zalivom, ki nastaja v sodelovanju ve\u010d ob\u010din, v <\/span><span style=\"font-weight: 400;\">projekt pa je vklju\u010deno tudi Planinsko dru\u0161tvo Ajdov\u0161\u010dina. Ko smo se <\/span><span style=\"font-weight: 400;\">pogovarjali o ozna\u010devanju, so mi v \u0161ali rekli, naj kar prete\u010dem <\/span><span style=\"font-weight: 400;\">celotno traso in preverim, kaj bo treba urediti. In sem jo! Pravzaprav <\/span><span style=\"font-weight: 400;\">\u017ee dvakrat. Zdaj je vse pripravljeno za ozna\u010ditev. <\/span><span style=\"font-weight: 400;\">Ena od etap se za\u010dne v Sesljanu, kar je zame pomenilo tudi zanimivo <\/span><span style=\"font-weight: 400;\">pot do izhodi\u0161\u010da: avtobus iz Ajdov\u0161\u010dine do Nove Gorice, mestno kolo do <\/span><span style=\"font-weight: 400;\">\u017eelezni\u0161ke postaje v Gorici, vlak do Sesljana \u2013 potem pa tek v treh <\/span><span style=\"font-weight: 400;\">etapah do Ren\u010d in nato z avtobusom nazaj domov. <\/span><span style=\"font-weight: 400;\">Sli\u0161i se komplicirano, ampak meni je to zanimiv izziv. Vse se da.<\/span><\/p>\n<p><b>Naslednja pripravljalna tura gre proti Nanosu. Kako bi traso opisal <\/b><b>z enim ob\u010dutkom?<\/b><\/p>\n<p><span style=\"font-weight: 400;\">To bo \u017ee peta pripravljalna tura. Po\u010dasi se bli\u017eamo UTVV tekmi, kateri <\/span><span style=\"font-weight: 400;\">so te pripravljalne ture v osnovi namenjene. Razumljivo je, da <\/span><span style=\"font-weight: 400;\">razdalje in teren postajajo zahtevnej\u0161i. Trasa proti Nanosu bo <\/span><span style=\"font-weight: 400;\">ponudila poti, ki bodo marsikomu nove. Glede na to, da je zima tudi <\/span><span style=\"font-weight: 400;\">pri nas resno vzela svojo vlogo, pa bo tura zanimiva tudi zaradi prav <\/span><span style=\"font-weight: 400;\">posebne teka\u0161ke podlage \u2014 snega!<\/span><\/p>\n<p><span style=\"font-weight: 400;\">Pa brez skrbi \u2014 \u010de ga bo preve\u010d, imamo plan B.<\/span><\/p>\n","protected":false},"excerpt":{"rendered":"<p>\u270d\ufe0f Tadej Maligoj Uro\u0161 Zupan je v gibanju ves \u010das. Ne zaradi rezultatov ali dokazovanja, ampak zaradi gibanja samega, raziskovanja novih poti, zaradi ob\u010dutka biti zunaj, v naravi. Bohinjec, ki \u017eivi v Ajdov\u0161\u010dini. Ne glede na to, da jih sedaj gleda z druge strani \u2013 hribi so mu \u0161e vedno doma\u010di. Si od-\u0161el iz Ljubljane [&hellip;]<\/p>\n","protected":false},"author":1,"featured_media":245778,"comment_status":"closed","ping_status":"open","sticky":false,"template":"","format":"standard","meta":{"_et_pb_use_builder":"","_et_pb_old_content":"","_et_gb_content_width":"","inline_featured_image":false},"categories":[170],"tags":[],"acf":[],"yoast_head":"<!-- This site is optimized with the Yoast SEO plugin v20.12 - https:\/\/yoast.com\/wordpress\/plugins\/seo\/ -->\n<title>Uro\u0161 Zupan: Pot se za\u010dne na peronu - Ultra Trail Vipava Valley - Slovenia<\/title>\n<meta name=\"description\" content=\"Intervju z Uro\u0161em Zupanom o hoji iz Ljubljane v Ajdov\u0161\u010dino, izletih z vlakom, trasiranju UTVV tur in poti proti Nanosu.\" \/>\n<meta name=\"robots\" content=\"index, follow, max-snippet:-1, max-image-preview:large, max-video-preview:-1\" \/>\n<link rel=\"canonical\" href=\"https:\/\/ultratrail.si\/sl\/2026\/01\/13\/uros-zupan-pot-se-zacne-na-peronu\/\" \/>\n<meta property=\"og:locale\" content=\"sl_SI\" \/>\n<meta property=\"og:type\" content=\"article\" \/>\n<meta property=\"og:title\" content=\"Uro\u0161 Zupan: Pot se za\u010dne na peronu - Ultra Trail Vipava Valley - Slovenia\" \/>\n<meta property=\"og:description\" content=\"Intervju z Uro\u0161em Zupanom o hoji iz Ljubljane v Ajdov\u0161\u010dino, izletih z vlakom, trasiranju UTVV tur in poti proti Nanosu.\" \/>\n<meta property=\"og:url\" content=\"https:\/\/ultratrail.si\/sl\/2026\/01\/13\/uros-zupan-pot-se-zacne-na-peronu\/\" \/>\n<meta property=\"og:site_name\" content=\"Ultra Trail Vipava Valley - Slovenia\" \/>\n<meta property=\"article:published_time\" content=\"2026-01-13T10:34:33+00:00\" \/>\n<meta property=\"article:modified_time\" content=\"2026-01-16T08:38:43+00:00\" \/>\n<meta property=\"og:image\" content=\"https:\/\/ultratrail.si\/wp-content\/uploads\/2026\/01\/IG-POSTS-1080-x-1350-2-1024x576.png\" \/>\n\t<meta property=\"og:image:width\" content=\"1024\" \/>\n\t<meta property=\"og:image:height\" content=\"576\" \/>\n\t<meta property=\"og:image:type\" content=\"image\/png\" \/>\n<meta name=\"author\" content=\"UTVV\" \/>\n<meta name=\"twitter:card\" content=\"summary_large_image\" \/>\n<meta name=\"twitter:label1\" content=\"Written by\" \/>\n\t<meta name=\"twitter:data1\" content=\"UTVV\" \/>\n\t<meta name=\"twitter:label2\" content=\"Est. reading time\" \/>\n\t<meta name=\"twitter:data2\" content=\"3 minute\" \/>\n<script type=\"application\/ld+json\" class=\"yoast-schema-graph\">{\"@context\":\"https:\/\/schema.org\",\"@graph\":[{\"@type\":\"WebPage\",\"@id\":\"https:\/\/ultratrail.si\/sl\/2026\/01\/13\/uros-zupan-pot-se-zacne-na-peronu\/\",\"url\":\"https:\/\/ultratrail.si\/sl\/2026\/01\/13\/uros-zupan-pot-se-zacne-na-peronu\/\",\"name\":\"Uro\u0161 Zupan: Pot se za\u010dne na peronu - Ultra Trail Vipava Valley - Slovenia\",\"isPartOf\":{\"@id\":\"https:\/\/ultratrail.si\/sl\/#website\"},\"datePublished\":\"2026-01-13T10:34:33+00:00\",\"dateModified\":\"2026-01-16T08:38:43+00:00\",\"author\":{\"@id\":\"https:\/\/ultratrail.si\/sl\/#\/schema\/person\/76f4f221151a2278be93dd5b50a67e74\"},\"description\":\"Intervju z Uro\u0161em Zupanom o hoji iz Ljubljane v Ajdov\u0161\u010dino, izletih z vlakom, trasiranju UTVV tur in poti proti Nanosu.\",\"breadcrumb\":{\"@id\":\"https:\/\/ultratrail.si\/sl\/2026\/01\/13\/uros-zupan-pot-se-zacne-na-peronu\/#breadcrumb\"},\"inLanguage\":\"sl-SI\",\"potentialAction\":[{\"@type\":\"ReadAction\",\"target\":[\"https:\/\/ultratrail.si\/sl\/2026\/01\/13\/uros-zupan-pot-se-zacne-na-peronu\/\"]}]},{\"@type\":\"BreadcrumbList\",\"@id\":\"https:\/\/ultratrail.si\/sl\/2026\/01\/13\/uros-zupan-pot-se-zacne-na-peronu\/#breadcrumb\",\"itemListElement\":[{\"@type\":\"ListItem\",\"position\":1,\"name\":\"Home\",\"item\":\"https:\/\/ultratrail.si\/sl\/\"},{\"@type\":\"ListItem\",\"position\":2,\"name\":\"Uro\u0161 Zupan: Pot se za\u010dne na peronu\"}]},{\"@type\":\"WebSite\",\"@id\":\"https:\/\/ultratrail.si\/sl\/#website\",\"url\":\"https:\/\/ultratrail.si\/sl\/\",\"name\":\"Ultra Trail Vipava Valley - Slovenia\",\"description\":\"Ultra Trail Vipava Valley\",\"potentialAction\":[{\"@type\":\"SearchAction\",\"target\":{\"@type\":\"EntryPoint\",\"urlTemplate\":\"https:\/\/ultratrail.si\/sl\/?s={search_term_string}\"},\"query-input\":\"required name=search_term_string\"}],\"inLanguage\":\"sl-SI\"},{\"@type\":\"Person\",\"@id\":\"https:\/\/ultratrail.si\/sl\/#\/schema\/person\/76f4f221151a2278be93dd5b50a67e74\",\"name\":\"UTVV\",\"image\":{\"@type\":\"ImageObject\",\"inLanguage\":\"sl-SI\",\"@id\":\"https:\/\/ultratrail.si\/sl\/#\/schema\/person\/image\/\",\"url\":\"https:\/\/ultratrail.si\/wp-content\/litespeed\/avatar\/f1a9ba49fa961eb190ccaa7684af89da.jpg?ver=1777024805\",\"contentUrl\":\"https:\/\/ultratrail.si\/wp-content\/litespeed\/avatar\/f1a9ba49fa961eb190ccaa7684af89da.jpg?ver=1777024805\",\"caption\":\"UTVV\"},\"url\":\"https:\/\/ultratrail.si\/sl\/author\/utvva\/\"}]}<\/script>\n<!-- \/ Yoast SEO plugin. -->","yoast_head_json":{"title":"Uro\u0161 Zupan: Pot se za\u010dne na peronu - Ultra Trail Vipava Valley - Slovenia","description":"Intervju z Uro\u0161em Zupanom o hoji iz Ljubljane v Ajdov\u0161\u010dino, izletih z vlakom, trasiranju UTVV tur in poti proti Nanosu.","robots":{"index":"index","follow":"follow","max-snippet":"max-snippet:-1","max-image-preview":"max-image-preview:large","max-video-preview":"max-video-preview:-1"},"canonical":"https:\/\/ultratrail.si\/sl\/2026\/01\/13\/uros-zupan-pot-se-zacne-na-peronu\/","og_locale":"sl_SI","og_type":"article","og_title":"Uro\u0161 Zupan: Pot se za\u010dne na peronu - Ultra Trail Vipava Valley - Slovenia","og_description":"Intervju z Uro\u0161em Zupanom o hoji iz Ljubljane v Ajdov\u0161\u010dino, izletih z vlakom, trasiranju UTVV tur in poti proti Nanosu.","og_url":"https:\/\/ultratrail.si\/sl\/2026\/01\/13\/uros-zupan-pot-se-zacne-na-peronu\/","og_site_name":"Ultra Trail Vipava Valley - Slovenia","article_published_time":"2026-01-13T10:34:33+00:00","article_modified_time":"2026-01-16T08:38:43+00:00","og_image":[{"width":1024,"height":576,"url":"https:\/\/ultratrail.si\/wp-content\/uploads\/2026\/01\/IG-POSTS-1080-x-1350-2-1024x576.png","type":"image\/png"}],"author":"UTVV","twitter_card":"summary_large_image","twitter_misc":{"Written by":"UTVV","Est. reading time":"3 minute"},"schema":{"@context":"https:\/\/schema.org","@graph":[{"@type":"WebPage","@id":"https:\/\/ultratrail.si\/sl\/2026\/01\/13\/uros-zupan-pot-se-zacne-na-peronu\/","url":"https:\/\/ultratrail.si\/sl\/2026\/01\/13\/uros-zupan-pot-se-zacne-na-peronu\/","name":"Uro\u0161 Zupan: Pot se za\u010dne na peronu - Ultra Trail Vipava Valley - Slovenia","isPartOf":{"@id":"https:\/\/ultratrail.si\/sl\/#website"},"datePublished":"2026-01-13T10:34:33+00:00","dateModified":"2026-01-16T08:38:43+00:00","author":{"@id":"https:\/\/ultratrail.si\/sl\/#\/schema\/person\/76f4f221151a2278be93dd5b50a67e74"},"description":"Intervju z Uro\u0161em Zupanom o hoji iz Ljubljane v Ajdov\u0161\u010dino, izletih z vlakom, trasiranju UTVV tur in poti proti Nanosu.","breadcrumb":{"@id":"https:\/\/ultratrail.si\/sl\/2026\/01\/13\/uros-zupan-pot-se-zacne-na-peronu\/#breadcrumb"},"inLanguage":"sl-SI","potentialAction":[{"@type":"ReadAction","target":["https:\/\/ultratrail.si\/sl\/2026\/01\/13\/uros-zupan-pot-se-zacne-na-peronu\/"]}]},{"@type":"BreadcrumbList","@id":"https:\/\/ultratrail.si\/sl\/2026\/01\/13\/uros-zupan-pot-se-zacne-na-peronu\/#breadcrumb","itemListElement":[{"@type":"ListItem","position":1,"name":"Home","item":"https:\/\/ultratrail.si\/sl\/"},{"@type":"ListItem","position":2,"name":"Uro\u0161 Zupan: Pot se za\u010dne na peronu"}]},{"@type":"WebSite","@id":"https:\/\/ultratrail.si\/sl\/#website","url":"https:\/\/ultratrail.si\/sl\/","name":"Ultra Trail Vipava Valley - Slovenia","description":"Ultra Trail Vipava Valley","potentialAction":[{"@type":"SearchAction","target":{"@type":"EntryPoint","urlTemplate":"https:\/\/ultratrail.si\/sl\/?s={search_term_string}"},"query-input":"required name=search_term_string"}],"inLanguage":"sl-SI"},{"@type":"Person","@id":"https:\/\/ultratrail.si\/sl\/#\/schema\/person\/76f4f221151a2278be93dd5b50a67e74","name":"UTVV","image":{"@type":"ImageObject","inLanguage":"sl-SI","@id":"https:\/\/ultratrail.si\/sl\/#\/schema\/person\/image\/","url":"https:\/\/ultratrail.si\/wp-content\/litespeed\/avatar\/f1a9ba49fa961eb190ccaa7684af89da.jpg?ver=1777024805","contentUrl":"https:\/\/ultratrail.si\/wp-content\/litespeed\/avatar\/f1a9ba49fa961eb190ccaa7684af89da.jpg?ver=1777024805","caption":"UTVV"},"url":"https:\/\/ultratrail.si\/sl\/author\/utvva\/"}]}},"_links":{"self":[{"href":"https:\/\/ultratrail.si\/sl\/wp-json\/wp\/v2\/posts\/245785"}],"collection":[{"href":"https:\/\/ultratrail.si\/sl\/wp-json\/wp\/v2\/posts"}],"about":[{"href":"https:\/\/ultratrail.si\/sl\/wp-json\/wp\/v2\/types\/post"}],"author":[{"embeddable":true,"href":"https:\/\/ultratrail.si\/sl\/wp-json\/wp\/v2\/users\/1"}],"replies":[{"embeddable":true,"href":"https:\/\/ultratrail.si\/sl\/wp-json\/wp\/v2\/comments?post=245785"}],"version-history":[{"count":2,"href":"https:\/\/ultratrail.si\/sl\/wp-json\/wp\/v2\/posts\/245785\/revisions"}],"predecessor-version":[{"id":245791,"href":"https:\/\/ultratrail.si\/sl\/wp-json\/wp\/v2\/posts\/245785\/revisions\/245791"}],"wp:featuredmedia":[{"embeddable":true,"href":"https:\/\/ultratrail.si\/sl\/wp-json\/wp\/v2\/media\/245778"}],"wp:attachment":[{"href":"https:\/\/ultratrail.si\/sl\/wp-json\/wp\/v2\/media?parent=245785"}],"wp:term":[{"taxonomy":"category","embeddable":true,"href":"https:\/\/ultratrail.si\/sl\/wp-json\/wp\/v2\/categories?post=245785"},{"taxonomy":"post_tag","embeddable":true,"href":"https:\/\/ultratrail.si\/sl\/wp-json\/wp\/v2\/tags?post=245785"}],"curies":[{"name":"wp","href":"https:\/\/api.w.org\/{rel}","templated":true}]}}