{"id":7594,"date":"2020-09-11T14:25:20","date_gmt":"2020-09-11T14:25:20","guid":{"rendered":"https:\/\/ultratrail.si\/?p=7594"},"modified":"2020-09-11T14:25:20","modified_gmt":"2020-09-11T14:25:20","slug":"od-tekaca-za-tekaca-oskar-mazgon-8","status":"publish","type":"post","link":"https:\/\/ultratrail.si\/sl\/2020\/09\/11\/od-tekaca-za-tekaca-oskar-mazgon-8\/","title":{"rendered":"Od teka\u010da za teka\u010da \u2013 Oskar Ma\u017egon #8"},"content":{"rendered":"<div class=\"kvgmc6g5 cxmmr5t8 oygrvhab hcukyx3x c1et5uql ii04i59q\">\n<div dir=\"auto\"><span class=\"pq6dq46d tbxw36s4 knj5qynh kvgmc6g5 ditlmg2l oygrvhab nvdbi5me sf5mxxl7 gl3lb2sf hhz5lgdu\"><img decoding=\"async\" loading=\"lazy\" src=\"https:\/\/static.xx.fbcdn.net\/images\/emoji.php\/v9\/t2b\/1\/16\/1f399.png\" alt=\"\ud83c\udf99\" width=\"16\" height=\"16\" \/><\/span><span class=\"pq6dq46d tbxw36s4 knj5qynh kvgmc6g5 ditlmg2l oygrvhab nvdbi5me sf5mxxl7 gl3lb2sf hhz5lgdu\"><img decoding=\"async\" loading=\"lazy\" src=\"https:\/\/static.xx.fbcdn.net\/images\/emoji.php\/v9\/te2\/1\/16\/270d.png\" alt=\"\u270d\ufe0f\" width=\"16\" height=\"16\" \/><\/span>[trejla\u0161ki feljton]<\/div>\n<div dir=\"auto\">#8 Od teka\u010da za teka\u010da<\/div>\n<\/div>\n<div class=\"o9v6fnle cxmmr5t8 oygrvhab hcukyx3x c1et5uql ii04i59q\">\n<div dir=\"auto\">Ime in priimek: Oskar Ma\u017egon<\/div>\n<div dir=\"auto\">Starost: 40 let<\/div>\n<div dir=\"auto\">Kraj bivanja: Celje<\/div>\n<\/div>\n<div class=\"o9v6fnle cxmmr5t8 oygrvhab hcukyx3x c1et5uql ii04i59q\">\n<div dir=\"auto\">Foto: Nata\u0161a M\u00fcller<\/div>\n<\/div>\n<div class=\"o9v6fnle cxmmr5t8 oygrvhab hcukyx3x c1et5uql ii04i59q\">\n<div dir=\"auto\">\n<div><\/div>\n<div class=\"nc684nl6\">Dejan Vukoti\u010d izpra\u0161uje Oskar Ma\u017egon<\/div>\n<\/div>\n<div dir=\"auto\"><\/div>\n<div dir=\"auto\">(3 unikatna vpra\u0161anja)<\/div>\n<div dir=\"auto\"><\/div>\n<\/div>\n<div class=\"o9v6fnle cxmmr5t8 oygrvhab hcukyx3x c1et5uql ii04i59q\">\n<div dir=\"auto\">D: Slovenska zastava je postala tvoj za\u0161\u010ditni znak. \u010cemu to pripisuje\u0161 in od kdaj dalje jo ima\u0161 vedno in povsod s seboj?<\/div>\n<div dir=\"auto\">O: Hahaha, nisem vedel, da je za\u0161\u010ditni znak.. si pa mislim, da je marsikoga dvignilo, ko me je videl plapolat. <span class=\"pq6dq46d tbxw36s4 knj5qynh kvgmc6g5 ditlmg2l oygrvhab nvdbi5me sf5mxxl7 gl3lb2sf hhz5lgdu\"><img decoding=\"async\" loading=\"lazy\" src=\"https:\/\/static.xx.fbcdn.net\/images\/emoji.php\/v9\/t4c\/1\/16\/1f642.png\" alt=\"\ud83d\ude42\" width=\"16\" height=\"16\" \/><\/span> Sem ponosen Slovenec, sre\u010den, da sem se tu rodil. To je privilegij, ki ga je dele\u017eno le dva miljona ljudi.<\/div>\n<\/div>\n<div class=\"o9v6fnle cxmmr5t8 oygrvhab hcukyx3x c1et5uql ii04i59q\">\n<div dir=\"auto\">D: Tvoje kuharske mojstrovine izgledajo odli\u010dno. Nekateri smo jih imeli tudi prilo\u017enost okusiti na UTMB-ju. Od kje \u010drpa\u0161 ideje?<\/div>\n<div dir=\"auto\">O: Hmm.. Ponavadi se rodijo ob kratkem preletu hladilnika.. sevada \u010de vidim, da je izbira bolj skopa, pobrskam \u0161e po domi\u0161ljiji in na koncu dodam \u0161e nekaj za\u010dimb in zeli\u0161\u010d, nabranih med mojimi vandranji. Se je ze zgodilo, da sem jih nabiral med tekmami. <span class=\"pq6dq46d tbxw36s4 knj5qynh kvgmc6g5 ditlmg2l oygrvhab nvdbi5me sf5mxxl7 gl3lb2sf hhz5lgdu\"><img decoding=\"async\" loading=\"lazy\" src=\"https:\/\/static.xx.fbcdn.net\/images\/emoji.php\/v9\/t51\/1\/16\/1f603.png\" alt=\"\ud83d\ude03\" width=\"16\" height=\"16\" \/><\/span><\/div>\n<\/div>\n<div class=\"o9v6fnle cxmmr5t8 oygrvhab hcukyx3x c1et5uql ii04i59q\">\n<div dir=\"auto\">D: Vem, da si teka\u010d po srcu, \u0161e bolj sr\u010den pa si kot support (tudi najbolj\u0161em teka\u010dem) in navija\u010d.To si dokazal tudi na 100 milj Istre 2019 na vrhu U\u010dke v sne\u017enem viharju. Kaj te je grelo?<\/div>\n<div dir=\"auto\">O: Heh, Vuko, ti si enmal \u017eleht. Vem, kaj bi rad slisal.. Oljna repica je bila takrat bolj hladna.. Gretje je v tistih ekstremnih pogojih (beri: pod nulo z mo\u010dnim vetrom in sne\u017enim mete\u017eem &#8211; ob\u010dutek -15\u00b0C) dovajala Jelena, z naknadnih 15\u00b0C pa je pomagal Marko Gral na okrepcevalnici na Poklonu, ko je ponudil po\u017eirek brinjevca. <span class=\"pq6dq46d tbxw36s4 knj5qynh kvgmc6g5 ditlmg2l oygrvhab nvdbi5me sf5mxxl7 gl3lb2sf hhz5lgdu\"><img decoding=\"async\" loading=\"lazy\" src=\"https:\/\/static.xx.fbcdn.net\/images\/emoji.php\/v9\/t57\/1\/16\/1f609.png\" alt=\"\ud83d\ude09\" width=\"16\" height=\"16\" \/><\/span><\/div>\n<\/div>\n<div class=\"o9v6fnle cxmmr5t8 oygrvhab hcukyx3x c1et5uql ii04i59q\">\n<div dir=\"auto\"><span class=\"pq6dq46d tbxw36s4 knj5qynh kvgmc6g5 ditlmg2l oygrvhab nvdbi5me sf5mxxl7 gl3lb2sf hhz5lgdu\"><img decoding=\"async\" loading=\"lazy\" src=\"https:\/\/static.xx.fbcdn.net\/images\/emoji.php\/v9\/tcf\/1\/16\/1f524.png\" alt=\"\ud83d\udd24\" width=\"16\" height=\"16\" \/><\/span>Standardna UTVV vpra\u0161anja:<\/div>\n<\/div>\n<div class=\"o9v6fnle cxmmr5t8 oygrvhab hcukyx3x c1et5uql ii04i59q\">\n<div dir=\"auto\"><span class=\"pq6dq46d tbxw36s4 knj5qynh kvgmc6g5 ditlmg2l oygrvhab nvdbi5me sf5mxxl7 gl3lb2sf hhz5lgdu\"><img decoding=\"async\" loading=\"lazy\" src=\"https:\/\/static.xx.fbcdn.net\/images\/emoji.php\/v9\/tcc\/1\/16\/1f4dd.png\" alt=\"\ud83d\udcdd\" width=\"16\" height=\"16\" \/><\/span>Kdaj si se za\u010del ukvarjati s tekom in zakaj?<\/div>\n<div dir=\"auto\"><span class=\"pq6dq46d tbxw36s4 knj5qynh kvgmc6g5 ditlmg2l oygrvhab nvdbi5me sf5mxxl7 gl3lb2sf hhz5lgdu\"><img decoding=\"async\" loading=\"lazy\" src=\"https:\/\/static.xx.fbcdn.net\/images\/emoji.php\/v9\/tfb\/1\/16\/1f5e3.png\" alt=\"\ud83d\udde3\" width=\"16\" height=\"16\" \/><\/span>Te\u010di sem za\u010del kmalu po tistem, ko sem shodil. Nikoli se nisem s tem obremenjeval. Tek je nekaj naravnega. Da bi tekel dlje, sem za\u010dutil v srednji \u0161oli, preden sem sploh vedel, da take tekme obstajajo.Po tem je pri\u0161lo nekaj konkretnih, prav tako ekstremnih motenj odra\u0161\u010danja.. Verjetno so mi prav te tudi kasneje pomagale pri premagovanju ovir.<\/div>\n<\/div>\n<div class=\"o9v6fnle cxmmr5t8 oygrvhab hcukyx3x c1et5uql ii04i59q\">\n<div dir=\"auto\"><span class=\"pq6dq46d tbxw36s4 knj5qynh kvgmc6g5 ditlmg2l oygrvhab nvdbi5me sf5mxxl7 gl3lb2sf hhz5lgdu\"><img decoding=\"async\" loading=\"lazy\" src=\"https:\/\/static.xx.fbcdn.net\/images\/emoji.php\/v9\/tcc\/1\/16\/1f4dd.png\" alt=\"\ud83d\udcdd\" width=\"16\" height=\"16\" \/><\/span>Najlep\u0161i \/ najzabavnej\u0161i teka\u0161ki spomin \/ izku\u0161nja\u2026<\/div>\n<div dir=\"auto\"><span class=\"pq6dq46d tbxw36s4 knj5qynh kvgmc6g5 ditlmg2l oygrvhab nvdbi5me sf5mxxl7 gl3lb2sf hhz5lgdu\"><img decoding=\"async\" loading=\"lazy\" src=\"https:\/\/static.xx.fbcdn.net\/images\/emoji.php\/v9\/tfb\/1\/16\/1f5e3.png\" alt=\"\ud83d\udde3\" width=\"16\" height=\"16\" \/><\/span>Uf, vsak spomin je tako poseben, da bi ga bilo te\u017eko predal\u010dkat.<\/div>\n<\/div>\n<div class=\"o9v6fnle cxmmr5t8 oygrvhab hcukyx3x c1et5uql ii04i59q\">\n<div dir=\"auto\"><span class=\"pq6dq46d tbxw36s4 knj5qynh kvgmc6g5 ditlmg2l oygrvhab nvdbi5me sf5mxxl7 gl3lb2sf hhz5lgdu\"><img decoding=\"async\" loading=\"lazy\" src=\"https:\/\/static.xx.fbcdn.net\/images\/emoji.php\/v9\/tcc\/1\/16\/1f4dd.png\" alt=\"\ud83d\udcdd\" width=\"16\" height=\"16\" \/><\/span>Kako trenira\u0161, ima\u0161 sistem treninga?<\/div>\n<div dir=\"auto\"><span class=\"pq6dq46d tbxw36s4 knj5qynh kvgmc6g5 ditlmg2l oygrvhab nvdbi5me sf5mxxl7 gl3lb2sf hhz5lgdu\"><img decoding=\"async\" loading=\"lazy\" src=\"https:\/\/static.xx.fbcdn.net\/images\/emoji.php\/v9\/tfb\/1\/16\/1f5e3.png\" alt=\"\ud83d\udde3\" width=\"16\" height=\"16\" \/><\/span>Na za\u010detku sem bil dokaj strikten.. zdaj \u017ee dolgo ne ve\u010d. Za kakih sto km ne potrebujem prav posebnih treningov.. vsaj ne za rezultate, ki osre\u010dujejo mene.<\/div>\n<\/div>\n<div class=\"o9v6fnle cxmmr5t8 oygrvhab hcukyx3x c1et5uql ii04i59q\">\n<div dir=\"auto\"><span class=\"pq6dq46d tbxw36s4 knj5qynh kvgmc6g5 ditlmg2l oygrvhab nvdbi5me sf5mxxl7 gl3lb2sf hhz5lgdu\"><img decoding=\"async\" loading=\"lazy\" src=\"https:\/\/static.xx.fbcdn.net\/images\/emoji.php\/v9\/tcc\/1\/16\/1f4dd.png\" alt=\"\ud83d\udcdd\" width=\"16\" height=\"16\" \/><\/span>Idealna teka\u0161ka razdalja?<\/div>\n<div dir=\"auto\"><span class=\"pq6dq46d tbxw36s4 knj5qynh kvgmc6g5 ditlmg2l oygrvhab nvdbi5me sf5mxxl7 gl3lb2sf hhz5lgdu\"><img decoding=\"async\" loading=\"lazy\" src=\"https:\/\/static.xx.fbcdn.net\/images\/emoji.php\/v9\/tfb\/1\/16\/1f5e3.png\" alt=\"\ud83d\udde3\" width=\"16\" height=\"16\" \/><\/span>Idealna je ponavadi najdalj\u0161a. Nikjer se ne pi\u0161ejo taksne dogodiv\u0161\u010dine, nikjer ne zraste ve\u010dje prijateljstvo, kakor prav tam, kjer so najve\u010dje krize. (Hvala Dejan in ostala teka\u0161ka srenja (\u017ee veste, kdo), za ne\u0161teto malih pozornosti, ki so me najve\u010dkrat dvignile preko oblakov).<\/div>\n<\/div>\n<div class=\"o9v6fnle cxmmr5t8 oygrvhab hcukyx3x c1et5uql ii04i59q\">\n<div dir=\"auto\"><span class=\"pq6dq46d tbxw36s4 knj5qynh kvgmc6g5 ditlmg2l oygrvhab nvdbi5me sf5mxxl7 gl3lb2sf hhz5lgdu\"><img decoding=\"async\" loading=\"lazy\" src=\"https:\/\/static.xx.fbcdn.net\/images\/emoji.php\/v9\/tcc\/1\/16\/1f4dd.png\" alt=\"\ud83d\udcdd\" width=\"16\" height=\"16\" \/><\/span>Idealen dan, ko te\u010de\u0161 je (kje, s kom, kako)?<\/div>\n<div dir=\"auto\"><span class=\"pq6dq46d tbxw36s4 knj5qynh kvgmc6g5 ditlmg2l oygrvhab nvdbi5me sf5mxxl7 gl3lb2sf hhz5lgdu\"><img decoding=\"async\" loading=\"lazy\" src=\"https:\/\/static.xx.fbcdn.net\/images\/emoji.php\/v9\/tfb\/1\/16\/1f5e3.png\" alt=\"\ud83d\udde3\" width=\"16\" height=\"16\" \/><\/span>Z Jeleno visoko v hribih, neomejen s \u010dasom.<\/div>\n<\/div>\n<div class=\"o9v6fnle cxmmr5t8 oygrvhab hcukyx3x c1et5uql ii04i59q\">\n<div dir=\"auto\"><span class=\"pq6dq46d tbxw36s4 knj5qynh kvgmc6g5 ditlmg2l oygrvhab nvdbi5me sf5mxxl7 gl3lb2sf hhz5lgdu\"><img decoding=\"async\" loading=\"lazy\" src=\"https:\/\/static.xx.fbcdn.net\/images\/emoji.php\/v9\/tcc\/1\/16\/1f4dd.png\" alt=\"\ud83d\udcdd\" width=\"16\" height=\"16\" \/><\/span>Idealen dan, ko ne te\u010de\u0161 je?<\/div>\n<div dir=\"auto\"><span class=\"pq6dq46d tbxw36s4 knj5qynh kvgmc6g5 ditlmg2l oygrvhab nvdbi5me sf5mxxl7 gl3lb2sf hhz5lgdu\"><img decoding=\"async\" loading=\"lazy\" src=\"https:\/\/static.xx.fbcdn.net\/images\/emoji.php\/v9\/tfb\/1\/16\/1f5e3.png\" alt=\"\ud83d\udde3\" width=\"16\" height=\"16\" \/><\/span>Z Jeleno, otroci al pa s kolegi.. z biciklom, nekje na trailih.<\/div>\n<\/div>\n<div class=\"o9v6fnle cxmmr5t8 oygrvhab hcukyx3x c1et5uql ii04i59q\">\n<div dir=\"auto\"><span class=\"pq6dq46d tbxw36s4 knj5qynh kvgmc6g5 ditlmg2l oygrvhab nvdbi5me sf5mxxl7 gl3lb2sf hhz5lgdu\"><img decoding=\"async\" loading=\"lazy\" src=\"https:\/\/static.xx.fbcdn.net\/images\/emoji.php\/v9\/tcc\/1\/16\/1f4dd.png\" alt=\"\ud83d\udcdd\" width=\"16\" height=\"16\" \/><\/span>Kaj bi po\u010del, \u010de se skozi evolucijo \u010dlovek ne bi razvil v teka\u010da?<\/div>\n<div dir=\"auto\"><span class=\"pq6dq46d tbxw36s4 knj5qynh kvgmc6g5 ditlmg2l oygrvhab nvdbi5me sf5mxxl7 gl3lb2sf hhz5lgdu\"><img decoding=\"async\" loading=\"lazy\" src=\"https:\/\/static.xx.fbcdn.net\/images\/emoji.php\/v9\/tfb\/1\/16\/1f5e3.png\" alt=\"\ud83d\udde3\" width=\"16\" height=\"16\" \/><\/span>Ker mi je evolucija dala vedet, da moja hrbtenica stremi po tem, da bi spet za\u010del hodit po vseh \u0161tirih, sem uteho nasel v kolesarjenju.. trenutno mi to odgovarja.<\/div>\n<\/div>\n<div class=\"o9v6fnle cxmmr5t8 oygrvhab hcukyx3x c1et5uql ii04i59q\">\n<div dir=\"auto\"><span class=\"pq6dq46d tbxw36s4 knj5qynh kvgmc6g5 ditlmg2l oygrvhab nvdbi5me sf5mxxl7 gl3lb2sf hhz5lgdu\"><img decoding=\"async\" loading=\"lazy\" src=\"https:\/\/static.xx.fbcdn.net\/images\/emoji.php\/v9\/tcc\/1\/16\/1f4dd.png\" alt=\"\ud83d\udcdd\" width=\"16\" height=\"16\" \/><\/span>Najljub\u0161a literatura \/ film o teku, treningu, prehrani, filozofiji, \u2026<\/div>\n<div dir=\"auto\"><span class=\"pq6dq46d tbxw36s4 knj5qynh kvgmc6g5 ditlmg2l oygrvhab nvdbi5me sf5mxxl7 gl3lb2sf hhz5lgdu\"><img decoding=\"async\" loading=\"lazy\" src=\"https:\/\/static.xx.fbcdn.net\/images\/emoji.php\/v9\/tfb\/1\/16\/1f5e3.png\" alt=\"\ud83d\udde3\" width=\"16\" height=\"16\" \/><\/span>Ivi Hrastovec &#8211; Desettedenski plan treningov<\/div>\n<\/div>\n<div class=\"o9v6fnle cxmmr5t8 oygrvhab hcukyx3x c1et5uql ii04i59q\">\n<div dir=\"auto\"><span class=\"pq6dq46d tbxw36s4 knj5qynh kvgmc6g5 ditlmg2l oygrvhab nvdbi5me sf5mxxl7 gl3lb2sf hhz5lgdu\"><img decoding=\"async\" loading=\"lazy\" src=\"https:\/\/static.xx.fbcdn.net\/images\/emoji.php\/v9\/tcc\/1\/16\/1f4dd.png\" alt=\"\ud83d\udcdd\" width=\"16\" height=\"16\" \/><\/span>Si \u017ee tekel na UTVV, kaj se ti je najbolj vtisnilo v spomin? \u010ce nisi, kaj \u0161e \u010daka\u0161? <span class=\"pq6dq46d tbxw36s4 knj5qynh kvgmc6g5 ditlmg2l oygrvhab nvdbi5me sf5mxxl7 gl3lb2sf hhz5lgdu\"><img decoding=\"async\" loading=\"lazy\" src=\"https:\/\/static.xx.fbcdn.net\/images\/emoji.php\/v9\/t4c\/1\/16\/1f642.png\" alt=\"\ud83d\ude42\" width=\"16\" height=\"16\" \/><\/span><\/div>\n<div dir=\"auto\"><span class=\"pq6dq46d tbxw36s4 knj5qynh kvgmc6g5 ditlmg2l oygrvhab nvdbi5me sf5mxxl7 gl3lb2sf hhz5lgdu\"><img decoding=\"async\" loading=\"lazy\" src=\"https:\/\/static.xx.fbcdn.net\/images\/emoji.php\/v9\/tfb\/1\/16\/1f5e3.png\" alt=\"\ud83d\udde3\" width=\"16\" height=\"16\" \/><\/span>Sem. 128km pred nekaj leti. Bilo je prav posebno, ko mi je sredi no\u010di proti vrhu Nanosa med de\u017ejem in burjo zmrzovala polovica obraza.. mislim, da takega mraza nisem \u0161e nikoli prej \u010dutil, vsaj ne razmi\u0161ljal o njem. Takrat sem se prvi\u010d vpra\u0161al, \u010de mi je tega res treba.<\/div>\n<\/div>\n<div class=\"o9v6fnle cxmmr5t8 oygrvhab hcukyx3x c1et5uql ii04i59q\">\n<div dir=\"auto\"><span class=\"pq6dq46d tbxw36s4 knj5qynh kvgmc6g5 ditlmg2l oygrvhab nvdbi5me sf5mxxl7 gl3lb2sf hhz5lgdu\"><img decoding=\"async\" loading=\"lazy\" src=\"https:\/\/static.xx.fbcdn.net\/images\/emoji.php\/v9\/tcc\/1\/16\/1f4dd.png\" alt=\"\ud83d\udcdd\" width=\"16\" height=\"16\" \/><\/span>Najbolj\u0161i nasvet, ki si ga kdaj dobil \/ ki ga lahko da\u0161 drugim\u2026<\/div>\n<div dir=\"auto\"><span class=\"pq6dq46d tbxw36s4 knj5qynh kvgmc6g5 ditlmg2l oygrvhab nvdbi5me sf5mxxl7 gl3lb2sf hhz5lgdu\"><img decoding=\"async\" loading=\"lazy\" src=\"https:\/\/static.xx.fbcdn.net\/images\/emoji.php\/v9\/tfb\/1\/16\/1f5e3.png\" alt=\"\ud83d\udde3\" width=\"16\" height=\"16\" \/><\/span>Najbolj oguljen, pa vseeno najbolj\u0161i: Ne se zasedet na okrep\u010devalnici. Pojest, popit, pa it! Najte\u017eje se je pobrat. No, pa se en zelo pomemben.. Tekmuj proti sebi, ne proti drugim. \u010ce se ti uspe na to osredoto\u010dit na tekmi, ponavadi prinese najbolj\u0161e rezultalte.<\/div>\n<\/div>\n<div class=\"o9v6fnle cxmmr5t8 oygrvhab hcukyx3x c1et5uql ii04i59q\">\n<div dir=\"auto\"><span class=\"pq6dq46d tbxw36s4 knj5qynh kvgmc6g5 ditlmg2l oygrvhab nvdbi5me sf5mxxl7 gl3lb2sf hhz5lgdu\"><img decoding=\"async\" loading=\"lazy\" src=\"https:\/\/static.xx.fbcdn.net\/images\/emoji.php\/v9\/tcc\/1\/16\/1f4dd.png\" alt=\"\ud83d\udcdd\" width=\"16\" height=\"16\" \/><\/span>Kaj po\u010dne\u0161 v \u010dasu karantene Covid-19?<\/div>\n<div dir=\"auto\"><span class=\"pq6dq46d tbxw36s4 knj5qynh kvgmc6g5 ditlmg2l oygrvhab nvdbi5me sf5mxxl7 gl3lb2sf hhz5lgdu\"><img decoding=\"async\" loading=\"lazy\" src=\"https:\/\/static.xx.fbcdn.net\/images\/emoji.php\/v9\/tfb\/1\/16\/1f5e3.png\" alt=\"\ud83d\udde3\" width=\"16\" height=\"16\" \/><\/span>Igram se z otroci, ustvarjam, te\u010dem, kolesarim, u\u017eivam.. kak\u0161na karantena?:)<\/div>\n<\/div>\n","protected":false},"excerpt":{"rendered":"<p>[trejla\u0161ki feljton] #8 Od teka\u010da za teka\u010da Ime in priimek: Oskar Ma\u017egon Starost: 40 let Kraj bivanja: Celje Foto: Nata\u0161a M\u00fcller Dejan Vukoti\u010d izpra\u0161uje Oskar Ma\u017egon (3 unikatna vpra\u0161anja) D: Slovenska zastava je postala tvoj za\u0161\u010ditni znak. \u010cemu to pripisuje\u0161 in od kdaj dalje jo ima\u0161 vedno in povsod s seboj? O: Hahaha, nisem vedel, [&hellip;]<\/p>\n","protected":false},"author":1,"featured_media":7595,"comment_status":"closed","ping_status":"open","sticky":false,"template":"","format":"standard","meta":{"_et_pb_use_builder":"","_et_pb_old_content":"","_et_gb_content_width":"","inline_featured_image":false},"categories":[44],"tags":[45,46],"acf":[],"yoast_head":"<!-- This site is optimized with the Yoast SEO plugin v20.12 - https:\/\/yoast.com\/wordpress\/plugins\/seo\/ -->\n<title>Od teka\u010da za teka\u010da \u2013 Oskar Ma\u017egon #8 - Ultra Trail Vipava Valley - Slovenia<\/title>\n<meta name=\"robots\" content=\"index, follow, max-snippet:-1, max-image-preview:large, max-video-preview:-1\" \/>\n<link rel=\"canonical\" href=\"https:\/\/ultratrail.si\/sl\/2020\/09\/11\/od-tekaca-za-tekaca-oskar-mazgon-8\/\" \/>\n<meta property=\"og:locale\" content=\"sl_SI\" \/>\n<meta property=\"og:type\" content=\"article\" \/>\n<meta property=\"og:title\" content=\"Od teka\u010da za teka\u010da \u2013 Oskar Ma\u017egon #8 - Ultra Trail Vipava Valley - Slovenia\" \/>\n<meta property=\"og:description\" content=\"[trejla\u0161ki feljton] #8 Od teka\u010da za teka\u010da Ime in priimek: Oskar Ma\u017egon Starost: 40 let Kraj bivanja: Celje Foto: Nata\u0161a M\u00fcller Dejan Vukoti\u010d izpra\u0161uje Oskar Ma\u017egon (3 unikatna vpra\u0161anja) D: Slovenska zastava je postala tvoj za\u0161\u010ditni znak. \u010cemu to pripisuje\u0161 in od kdaj dalje jo ima\u0161 vedno in povsod s seboj? O: Hahaha, nisem vedel, [&hellip;]\" \/>\n<meta property=\"og:url\" content=\"https:\/\/ultratrail.si\/sl\/2020\/09\/11\/od-tekaca-za-tekaca-oskar-mazgon-8\/\" \/>\n<meta property=\"og:site_name\" content=\"Ultra Trail Vipava Valley - Slovenia\" \/>\n<meta property=\"article:published_time\" content=\"2020-09-11T14:25:20+00:00\" \/>\n<meta property=\"og:image\" content=\"https:\/\/ultratrail.si\/wp-content\/uploads\/2020\/09\/Oskar-Mazgon.png\" \/>\n\t<meta property=\"og:image:width\" content=\"600\" \/>\n\t<meta property=\"og:image:height\" content=\"502\" \/>\n\t<meta property=\"og:image:type\" content=\"image\/png\" \/>\n<meta name=\"author\" content=\"UTVV\" \/>\n<meta name=\"twitter:card\" content=\"summary_large_image\" \/>\n<meta name=\"twitter:label1\" content=\"Written by\" \/>\n\t<meta name=\"twitter:data1\" content=\"UTVV\" \/>\n\t<meta name=\"twitter:label2\" content=\"Est. reading time\" \/>\n\t<meta name=\"twitter:data2\" content=\"4 minute\" \/>\n<script type=\"application\/ld+json\" class=\"yoast-schema-graph\">{\"@context\":\"https:\/\/schema.org\",\"@graph\":[{\"@type\":\"WebPage\",\"@id\":\"https:\/\/ultratrail.si\/sl\/2020\/09\/11\/od-tekaca-za-tekaca-oskar-mazgon-8\/\",\"url\":\"https:\/\/ultratrail.si\/sl\/2020\/09\/11\/od-tekaca-za-tekaca-oskar-mazgon-8\/\",\"name\":\"Od teka\u010da za teka\u010da \u2013 Oskar Ma\u017egon #8 - Ultra Trail Vipava Valley - Slovenia\",\"isPartOf\":{\"@id\":\"https:\/\/ultratrail.si\/sl\/#website\"},\"datePublished\":\"2020-09-11T14:25:20+00:00\",\"dateModified\":\"2020-09-11T14:25:20+00:00\",\"author\":{\"@id\":\"https:\/\/ultratrail.si\/sl\/#\/schema\/person\/76f4f221151a2278be93dd5b50a67e74\"},\"breadcrumb\":{\"@id\":\"https:\/\/ultratrail.si\/sl\/2020\/09\/11\/od-tekaca-za-tekaca-oskar-mazgon-8\/#breadcrumb\"},\"inLanguage\":\"sl-SI\",\"potentialAction\":[{\"@type\":\"ReadAction\",\"target\":[\"https:\/\/ultratrail.si\/sl\/2020\/09\/11\/od-tekaca-za-tekaca-oskar-mazgon-8\/\"]}]},{\"@type\":\"BreadcrumbList\",\"@id\":\"https:\/\/ultratrail.si\/sl\/2020\/09\/11\/od-tekaca-za-tekaca-oskar-mazgon-8\/#breadcrumb\",\"itemListElement\":[{\"@type\":\"ListItem\",\"position\":1,\"name\":\"Home\",\"item\":\"https:\/\/ultratrail.si\/sl\/\"},{\"@type\":\"ListItem\",\"position\":2,\"name\":\"Od teka\u010da za teka\u010da \u2013 Oskar Ma\u017egon #8\"}]},{\"@type\":\"WebSite\",\"@id\":\"https:\/\/ultratrail.si\/sl\/#website\",\"url\":\"https:\/\/ultratrail.si\/sl\/\",\"name\":\"Ultra Trail Vipava Valley - Slovenia\",\"description\":\"Ultra Trail Vipava Valley\",\"potentialAction\":[{\"@type\":\"SearchAction\",\"target\":{\"@type\":\"EntryPoint\",\"urlTemplate\":\"https:\/\/ultratrail.si\/sl\/?s={search_term_string}\"},\"query-input\":\"required name=search_term_string\"}],\"inLanguage\":\"sl-SI\"},{\"@type\":\"Person\",\"@id\":\"https:\/\/ultratrail.si\/sl\/#\/schema\/person\/76f4f221151a2278be93dd5b50a67e74\",\"name\":\"UTVV\",\"image\":{\"@type\":\"ImageObject\",\"inLanguage\":\"sl-SI\",\"@id\":\"https:\/\/ultratrail.si\/sl\/#\/schema\/person\/image\/\",\"url\":\"https:\/\/ultratrail.si\/wp-content\/litespeed\/avatar\/f1a9ba49fa961eb190ccaa7684af89da.jpg?ver=1777024805\",\"contentUrl\":\"https:\/\/ultratrail.si\/wp-content\/litespeed\/avatar\/f1a9ba49fa961eb190ccaa7684af89da.jpg?ver=1777024805\",\"caption\":\"UTVV\"},\"url\":\"https:\/\/ultratrail.si\/sl\/author\/utvva\/\"}]}<\/script>\n<!-- \/ Yoast SEO plugin. -->","yoast_head_json":{"title":"Od teka\u010da za teka\u010da \u2013 Oskar Ma\u017egon #8 - Ultra Trail Vipava Valley - Slovenia","robots":{"index":"index","follow":"follow","max-snippet":"max-snippet:-1","max-image-preview":"max-image-preview:large","max-video-preview":"max-video-preview:-1"},"canonical":"https:\/\/ultratrail.si\/sl\/2020\/09\/11\/od-tekaca-za-tekaca-oskar-mazgon-8\/","og_locale":"sl_SI","og_type":"article","og_title":"Od teka\u010da za teka\u010da \u2013 Oskar Ma\u017egon #8 - Ultra Trail Vipava Valley - Slovenia","og_description":"[trejla\u0161ki feljton] #8 Od teka\u010da za teka\u010da Ime in priimek: Oskar Ma\u017egon Starost: 40 let Kraj bivanja: Celje Foto: Nata\u0161a M\u00fcller Dejan Vukoti\u010d izpra\u0161uje Oskar Ma\u017egon (3 unikatna vpra\u0161anja) D: Slovenska zastava je postala tvoj za\u0161\u010ditni znak. \u010cemu to pripisuje\u0161 in od kdaj dalje jo ima\u0161 vedno in povsod s seboj? O: Hahaha, nisem vedel, [&hellip;]","og_url":"https:\/\/ultratrail.si\/sl\/2020\/09\/11\/od-tekaca-za-tekaca-oskar-mazgon-8\/","og_site_name":"Ultra Trail Vipava Valley - Slovenia","article_published_time":"2020-09-11T14:25:20+00:00","og_image":[{"width":600,"height":502,"url":"https:\/\/ultratrail.si\/wp-content\/uploads\/2020\/09\/Oskar-Mazgon.png","type":"image\/png"}],"author":"UTVV","twitter_card":"summary_large_image","twitter_misc":{"Written by":"UTVV","Est. reading time":"4 minute"},"schema":{"@context":"https:\/\/schema.org","@graph":[{"@type":"WebPage","@id":"https:\/\/ultratrail.si\/sl\/2020\/09\/11\/od-tekaca-za-tekaca-oskar-mazgon-8\/","url":"https:\/\/ultratrail.si\/sl\/2020\/09\/11\/od-tekaca-za-tekaca-oskar-mazgon-8\/","name":"Od teka\u010da za teka\u010da \u2013 Oskar Ma\u017egon #8 - Ultra Trail Vipava Valley - Slovenia","isPartOf":{"@id":"https:\/\/ultratrail.si\/sl\/#website"},"datePublished":"2020-09-11T14:25:20+00:00","dateModified":"2020-09-11T14:25:20+00:00","author":{"@id":"https:\/\/ultratrail.si\/sl\/#\/schema\/person\/76f4f221151a2278be93dd5b50a67e74"},"breadcrumb":{"@id":"https:\/\/ultratrail.si\/sl\/2020\/09\/11\/od-tekaca-za-tekaca-oskar-mazgon-8\/#breadcrumb"},"inLanguage":"sl-SI","potentialAction":[{"@type":"ReadAction","target":["https:\/\/ultratrail.si\/sl\/2020\/09\/11\/od-tekaca-za-tekaca-oskar-mazgon-8\/"]}]},{"@type":"BreadcrumbList","@id":"https:\/\/ultratrail.si\/sl\/2020\/09\/11\/od-tekaca-za-tekaca-oskar-mazgon-8\/#breadcrumb","itemListElement":[{"@type":"ListItem","position":1,"name":"Home","item":"https:\/\/ultratrail.si\/sl\/"},{"@type":"ListItem","position":2,"name":"Od teka\u010da za teka\u010da \u2013 Oskar Ma\u017egon #8"}]},{"@type":"WebSite","@id":"https:\/\/ultratrail.si\/sl\/#website","url":"https:\/\/ultratrail.si\/sl\/","name":"Ultra Trail Vipava Valley - Slovenia","description":"Ultra Trail Vipava Valley","potentialAction":[{"@type":"SearchAction","target":{"@type":"EntryPoint","urlTemplate":"https:\/\/ultratrail.si\/sl\/?s={search_term_string}"},"query-input":"required name=search_term_string"}],"inLanguage":"sl-SI"},{"@type":"Person","@id":"https:\/\/ultratrail.si\/sl\/#\/schema\/person\/76f4f221151a2278be93dd5b50a67e74","name":"UTVV","image":{"@type":"ImageObject","inLanguage":"sl-SI","@id":"https:\/\/ultratrail.si\/sl\/#\/schema\/person\/image\/","url":"https:\/\/ultratrail.si\/wp-content\/litespeed\/avatar\/f1a9ba49fa961eb190ccaa7684af89da.jpg?ver=1777024805","contentUrl":"https:\/\/ultratrail.si\/wp-content\/litespeed\/avatar\/f1a9ba49fa961eb190ccaa7684af89da.jpg?ver=1777024805","caption":"UTVV"},"url":"https:\/\/ultratrail.si\/sl\/author\/utvva\/"}]}},"_links":{"self":[{"href":"https:\/\/ultratrail.si\/sl\/wp-json\/wp\/v2\/posts\/7594"}],"collection":[{"href":"https:\/\/ultratrail.si\/sl\/wp-json\/wp\/v2\/posts"}],"about":[{"href":"https:\/\/ultratrail.si\/sl\/wp-json\/wp\/v2\/types\/post"}],"author":[{"embeddable":true,"href":"https:\/\/ultratrail.si\/sl\/wp-json\/wp\/v2\/users\/1"}],"replies":[{"embeddable":true,"href":"https:\/\/ultratrail.si\/sl\/wp-json\/wp\/v2\/comments?post=7594"}],"version-history":[{"count":0,"href":"https:\/\/ultratrail.si\/sl\/wp-json\/wp\/v2\/posts\/7594\/revisions"}],"wp:featuredmedia":[{"embeddable":true,"href":"https:\/\/ultratrail.si\/sl\/wp-json\/wp\/v2\/media\/7595"}],"wp:attachment":[{"href":"https:\/\/ultratrail.si\/sl\/wp-json\/wp\/v2\/media?parent=7594"}],"wp:term":[{"taxonomy":"category","embeddable":true,"href":"https:\/\/ultratrail.si\/sl\/wp-json\/wp\/v2\/categories?post=7594"},{"taxonomy":"post_tag","embeddable":true,"href":"https:\/\/ultratrail.si\/sl\/wp-json\/wp\/v2\/tags?post=7594"}],"curies":[{"name":"wp","href":"https:\/\/api.w.org\/{rel}","templated":true}]}}